{"id":10650,"date":"2023-12-27T20:53:27","date_gmt":"2023-12-27T20:53:27","guid":{"rendered":"https:\/\/megaprofe.es\/?p=10650"},"modified":"2023-12-27T21:34:20","modified_gmt":"2023-12-27T21:34:20","slug":"que-ano-2023-mas-memorable-hemos-tenido","status":"publish","type":"post","link":"https:\/\/megaprofe.es\/ca\/que-ano-2023-mas-memorable-hemos-tenido\/","title":{"rendered":"\u00a1Qu\u00e9 a\u00f1o 2023 m\u00e1s memorable hemos tenido!"},"content":{"rendered":"<p>Cerramos los primeros 6 meses de vida de <a href=\"http:\/\/megaprofe.es\/ca\/\">MEGAPROFE<\/a> y queremos compartir contigo lo emocionados que estamos por todo lo que nos ha pasado.<\/p>\n\n\n\n<p>Iniciamos esta aventura con una misi\u00f3n: <em>la democratizaci\u00f3n del acceso a la Inteligencia Artificial para ayudar a los docentes en el proceso de ense\u00f1anza-aprendizaje. Creando herramientas y recursos que empoderen a los educadores y fomenten un entorno educativo enriquecedor, estimulante y adaptado a las necesidades individuales de cada estudiante.<\/em><\/p>\n\n\n\n<p>Desde que lanzamos la primera versi\u00f3n de la plataforma en el mes de mayo todo han sido buenas noticias y aprendizajes:&nbsp;<\/p>\n\n\n\n<p><a href=\"https:\/\/megaprofe.es\/ca\/registro-usuario\/\">Os hab\u00e9is registrado m\u00e1s de 2.000 docentes<\/a> por todo el planeta y de todas las etapas educativas.&nbsp;<\/p>\n\n\n\n<p>Profesoras y profesores de Educaci\u00f3n Infantil, Primaria, Secundaria y hasta docentes Universitarios ya est\u00e1is ahorrando tiempo y recursos en vuestro d\u00eda a d\u00eda gracias a nuestras herramientas de Inteligencia Artificial.&nbsp;<\/p>\n\n\n\n<p>Las herramientas m\u00e1s populares han sido: <\/p>\n\n\n\n<ul class=\"wp-block-list\">\n<li><a href=\"https:\/\/megaprofe.es\/ca\/generador-de-situaciones-de-aprendizaje-con-ia\/\">Situaciones de Aprendizaje.<\/a><\/li>\n\n\n\n<li><a href=\"https:\/\/megaprofe.es\/ca\/generador-de-rubricas-de-evaluacion-con-ia\/\">R\u00fabricas de Evaluaci\u00f3n.<\/a><\/li>\n\n\n\n<li><a href=\"https:\/\/megaprofe.es\/ca\/generador-de-proyectos-transversales-con-ia\/\">Proyectos Transversales.<\/a><\/li>\n\n\n\n<li><a href=\"https:\/\/megaprofe.es\/ca\/generador-de-actividades-ia\/\">Generador de Actividades.<\/a><\/li>\n\n\n\n<li><a href=\"https:\/\/megaprofe.es\/ca\/generador-de-arte-con-ia\/\">Generador de Arte.<\/a><\/li>\n<\/ul>\n\n\n\n<p>Aqu\u00ed puedes ver una infograf\u00eda que recoge toda esta informaci\u00f3n:<\/p>\n\n\n\n<figure data-wp-context=\"{&quot;imageId&quot;:&quot;69f2119cb7175&quot;}\" data-wp-interactive=\"core\/image\" data-wp-key=\"69f2119cb7175\" class=\"wp-block-image aligncenter size-large wp-lightbox-container\"><img fetchpriority=\"high\" decoding=\"async\" width=\"519\" height=\"1024\" data-wp-class--hide=\"state.isContentHidden\" data-wp-class--show=\"state.isContentVisible\" data-wp-init=\"callbacks.setButtonStyles\" data-wp-on--click=\"actions.showLightbox\" data-wp-on--load=\"callbacks.setButtonStyles\" data-wp-on-window--resize=\"callbacks.setButtonStyles\" src=\"https:\/\/megaprofe.es\/wp-content\/uploads\/2023\/12\/MEGAPROFE_RECAP_2023-519x1024.jpg\" alt=\"\" class=\"wp-image-10651\" srcset=\"https:\/\/megaprofe.es\/wp-content\/uploads\/2023\/12\/MEGAPROFE_RECAP_2023-519x1024.jpg 519w, https:\/\/megaprofe.es\/wp-content\/uploads\/2023\/12\/MEGAPROFE_RECAP_2023-152x300.jpg 152w, https:\/\/megaprofe.es\/wp-content\/uploads\/2023\/12\/MEGAPROFE_RECAP_2023-768x1515.jpg 768w, https:\/\/megaprofe.es\/wp-content\/uploads\/2023\/12\/MEGAPROFE_RECAP_2023-778x1536.jpg 778w, https:\/\/megaprofe.es\/wp-content\/uploads\/2023\/12\/MEGAPROFE_RECAP_2023-6x12.jpg 6w, https:\/\/megaprofe.es\/wp-content\/uploads\/2023\/12\/MEGAPROFE_RECAP_2023-600x1184.jpg 600w, https:\/\/megaprofe.es\/wp-content\/uploads\/2023\/12\/MEGAPROFE_RECAP_2023.jpg 973w\" sizes=\"(max-width: 519px) 100vw, 519px\" \/><button\n\t\t\tclass=\"lightbox-trigger\"\n\t\t\ttype=\"button\"\n\t\t\taria-haspopup=\"dialog\"\n\t\t\taria-label=\"Amplia\"\n\t\t\tdata-wp-init=\"callbacks.initTriggerButton\"\n\t\t\tdata-wp-on--click=\"actions.showLightbox\"\n\t\t\tdata-wp-style--right=\"state.imageButtonRight\"\n\t\t\tdata-wp-style--top=\"state.imageButtonTop\"\n\t\t>\n\t\t\t<svg xmlns=\"http:\/\/www.w3.org\/2000\/svg\" width=\"12\" height=\"12\" fill=\"none\" viewbox=\"0 0 12 12\">\n\t\t\t\t<path fill=\"#fff\" d=\"M2 0a2 2 0 0 0-2 2v2h1.5V2a.5.5 0 0 1 .5-.5h2V0H2Zm2 10.5H2a.5.5 0 0 1-.5-.5V8H0v2a2 2 0 0 0 2 2h2v-1.5ZM8 12v-1.5h2a.5.5 0 0 0 .5-.5V8H12v2a2 2 0 0 1-2 2H8Zm2-12a2 2 0 0 1 2 2v2h-1.5V2a.5.5 0 0 0-.5-.5H8V0h2Z\" \/>\n\t\t\t<\/svg>\n\t\t<\/button><\/figure>\n\n\n\n<p>Estos resultados del a\u00f1o 2023 refuerzan nuestra misi\u00f3n y nos animan a seguir trabajando en la misma direcci\u00f3n. Y lo queremos hacer con vosotros aprendiendo cada d\u00eda de vuestra experiencia para caminar hacia un futuro con una educaci\u00f3n mejor.&nbsp;<\/p>\n\n\n\n<p>\u00a1Gracias!<\/p>\n\n\n\n<p><\/p>","protected":false},"excerpt":{"rendered":"<p>Cerramos los primeros 6 meses de vida de MEGAPROFE y queremos compartir contigo lo emocionados que estamos por todo lo que nos ha pasado. Iniciamos esta aventura con una misi\u00f3n: la democratizaci\u00f3n del acceso a la Inteligencia Artificial para ayudar a los docentes en el proceso de ense\u00f1anza-aprendizaje. Creando herramientas y recursos que empoderen a [&hellip;]<\/p>\n","protected":false},"author":48,"featured_media":10651,"comment_status":"open","ping_status":"open","sticky":false,"template":"","format":"standard","meta":{"footnotes":""},"categories":[176],"tags":[182,181],"class_list":["post-10650","post","type-post","status-publish","format-standard","has-post-thumbnail","hentry","category-blog","tag-educacion","tag-inteligencia-artificial"],"yoast_head":"<!-- This site is optimized with the Yoast SEO plugin v27.3 - https:\/\/yoast.com\/product\/yoast-seo-wordpress\/ -->\n<title>\u00a1Qu\u00e9 a\u00f1o 2023 m\u00e1s memorable hemos tenido! - Megaprofe<\/title>\n<meta name=\"description\" content=\"Cerramos el primer a\u00f1o de vida de MEGAPROFE y queremos compartir contigo lo emocionados que estamos por todo lo que nos ha pasado.\" \/>\n<meta name=\"robots\" content=\"index, follow, max-snippet:-1, max-image-preview:large, max-video-preview:-1\" \/>\n<link rel=\"canonical\" href=\"https:\/\/megaprofe.es\/ca\/que-ano-2023-mas-memorable-hemos-tenido\/\" \/>\n<meta property=\"og:locale\" content=\"ca_ES\" \/>\n<meta property=\"og:type\" content=\"article\" \/>\n<meta property=\"og:title\" content=\"\u00a1Qu\u00e9 a\u00f1o 2023 m\u00e1s memorable hemos tenido! - Megaprofe\" \/>\n<meta property=\"og:description\" content=\"Cerramos el primer a\u00f1o de vida de MEGAPROFE y queremos compartir contigo lo emocionados que estamos por todo lo que nos ha pasado.\" \/>\n<meta property=\"og:url\" content=\"https:\/\/megaprofe.es\/ca\/que-ano-2023-mas-memorable-hemos-tenido\/\" \/>\n<meta property=\"og:site_name\" content=\"Megaprofe\" \/>\n<meta property=\"article:published_time\" content=\"2023-12-27T20:53:27+00:00\" \/>\n<meta property=\"article:modified_time\" content=\"2023-12-27T21:34:20+00:00\" \/>\n<meta property=\"og:image\" content=\"https:\/\/megaprofe.es\/wp-content\/uploads\/2023\/12\/MEGAPROFE_RECAP_2023.jpg\" \/>\n\t<meta property=\"og:image:width\" content=\"973\" \/>\n\t<meta property=\"og:image:height\" content=\"1920\" \/>\n\t<meta property=\"og:image:type\" content=\"image\/jpeg\" \/>\n<meta name=\"author\" content=\"Pau\" \/>\n<meta name=\"twitter:card\" content=\"summary_large_image\" \/>\n<meta name=\"twitter:label1\" content=\"Escrit per\" \/>\n\t<meta name=\"twitter:data1\" content=\"Pau\" \/>\n\t<meta name=\"twitter:label2\" content=\"Temps estimat de lectura\" \/>\n\t<meta name=\"twitter:data2\" content=\"2 minuts\" \/>\n<script type=\"application\/ld+json\" class=\"yoast-schema-graph\">{\"@context\":\"https:\\\/\\\/schema.org\",\"@graph\":[{\"@type\":\"Article\",\"@id\":\"https:\\\/\\\/megaprofe.es\\\/que-ano-2023-mas-memorable-hemos-tenido\\\/#article\",\"isPartOf\":{\"@id\":\"https:\\\/\\\/megaprofe.es\\\/que-ano-2023-mas-memorable-hemos-tenido\\\/\"},\"author\":{\"name\":\"Pau\",\"@id\":\"https:\\\/\\\/megaprofe.es\\\/#\\\/schema\\\/person\\\/5ebc3d70c01bc7b96aa270e272d18330\"},\"headline\":\"\u00a1Qu\u00e9 a\u00f1o 2023 m\u00e1s memorable hemos tenido!\",\"datePublished\":\"2023-12-27T20:53:27+00:00\",\"dateModified\":\"2023-12-27T21:34:20+00:00\",\"mainEntityOfPage\":{\"@id\":\"https:\\\/\\\/megaprofe.es\\\/que-ano-2023-mas-memorable-hemos-tenido\\\/\"},\"wordCount\":240,\"commentCount\":0,\"publisher\":{\"@id\":\"https:\\\/\\\/megaprofe.es\\\/#organization\"},\"image\":{\"@id\":\"https:\\\/\\\/megaprofe.es\\\/que-ano-2023-mas-memorable-hemos-tenido\\\/#primaryimage\"},\"thumbnailUrl\":\"https:\\\/\\\/megaprofe.es\\\/wp-content\\\/uploads\\\/2023\\\/12\\\/MEGAPROFE_RECAP_2023.jpg\",\"keywords\":[\"educaci\u00f3n\",\"inteligencia artificial\"],\"articleSection\":[\"Blog\"],\"inLanguage\":\"ca\",\"potentialAction\":[{\"@type\":\"CommentAction\",\"name\":\"Comment\",\"target\":[\"https:\\\/\\\/megaprofe.es\\\/que-ano-2023-mas-memorable-hemos-tenido\\\/#respond\"]}]},{\"@type\":\"WebPage\",\"@id\":\"https:\\\/\\\/megaprofe.es\\\/que-ano-2023-mas-memorable-hemos-tenido\\\/\",\"url\":\"https:\\\/\\\/megaprofe.es\\\/que-ano-2023-mas-memorable-hemos-tenido\\\/\",\"name\":\"\u00a1Qu\u00e9 a\u00f1o 2023 m\u00e1s memorable hemos tenido! - Megaprofe\",\"isPartOf\":{\"@id\":\"https:\\\/\\\/megaprofe.es\\\/#website\"},\"primaryImageOfPage\":{\"@id\":\"https:\\\/\\\/megaprofe.es\\\/que-ano-2023-mas-memorable-hemos-tenido\\\/#primaryimage\"},\"image\":{\"@id\":\"https:\\\/\\\/megaprofe.es\\\/que-ano-2023-mas-memorable-hemos-tenido\\\/#primaryimage\"},\"thumbnailUrl\":\"https:\\\/\\\/megaprofe.es\\\/wp-content\\\/uploads\\\/2023\\\/12\\\/MEGAPROFE_RECAP_2023.jpg\",\"datePublished\":\"2023-12-27T20:53:27+00:00\",\"dateModified\":\"2023-12-27T21:34:20+00:00\",\"description\":\"Cerramos el primer a\u00f1o de vida de MEGAPROFE y queremos compartir contigo lo emocionados que estamos por todo lo que nos ha pasado.\",\"breadcrumb\":{\"@id\":\"https:\\\/\\\/megaprofe.es\\\/que-ano-2023-mas-memorable-hemos-tenido\\\/#breadcrumb\"},\"inLanguage\":\"ca\",\"potentialAction\":[{\"@type\":\"ReadAction\",\"target\":[\"https:\\\/\\\/megaprofe.es\\\/que-ano-2023-mas-memorable-hemos-tenido\\\/\"]}]},{\"@type\":\"ImageObject\",\"inLanguage\":\"ca\",\"@id\":\"https:\\\/\\\/megaprofe.es\\\/que-ano-2023-mas-memorable-hemos-tenido\\\/#primaryimage\",\"url\":\"https:\\\/\\\/megaprofe.es\\\/wp-content\\\/uploads\\\/2023\\\/12\\\/MEGAPROFE_RECAP_2023.jpg\",\"contentUrl\":\"https:\\\/\\\/megaprofe.es\\\/wp-content\\\/uploads\\\/2023\\\/12\\\/MEGAPROFE_RECAP_2023.jpg\",\"width\":973,\"height\":1920},{\"@type\":\"BreadcrumbList\",\"@id\":\"https:\\\/\\\/megaprofe.es\\\/que-ano-2023-mas-memorable-hemos-tenido\\\/#breadcrumb\",\"itemListElement\":[{\"@type\":\"ListItem\",\"position\":1,\"name\":\"Portada\",\"item\":\"https:\\\/\\\/megaprofe.es\\\/\"},{\"@type\":\"ListItem\",\"position\":2,\"name\":\"\u00a1Qu\u00e9 a\u00f1o 2023 m\u00e1s memorable hemos tenido!\"}]},{\"@type\":\"WebSite\",\"@id\":\"https:\\\/\\\/megaprofe.es\\\/#website\",\"url\":\"https:\\\/\\\/megaprofe.es\\\/\",\"name\":\"Megaprofe\",\"description\":\"Inteligencia Artificial para Profesores y Escuelas\",\"publisher\":{\"@id\":\"https:\\\/\\\/megaprofe.es\\\/#organization\"},\"potentialAction\":[{\"@type\":\"SearchAction\",\"target\":{\"@type\":\"EntryPoint\",\"urlTemplate\":\"https:\\\/\\\/megaprofe.es\\\/?s={search_term_string}\"},\"query-input\":{\"@type\":\"PropertyValueSpecification\",\"valueRequired\":true,\"valueName\":\"search_term_string\"}}],\"inLanguage\":\"ca\"},{\"@type\":\"Organization\",\"@id\":\"https:\\\/\\\/megaprofe.es\\\/#organization\",\"name\":\"Megaprofe\",\"url\":\"https:\\\/\\\/megaprofe.es\\\/\",\"logo\":{\"@type\":\"ImageObject\",\"inLanguage\":\"ca\",\"@id\":\"https:\\\/\\\/megaprofe.es\\\/#\\\/schema\\\/logo\\\/image\\\/\",\"url\":\"https:\\\/\\\/megaprofe.es\\\/wp-content\\\/uploads\\\/2023\\\/06\\\/cropped-icon.png\",\"contentUrl\":\"https:\\\/\\\/megaprofe.es\\\/wp-content\\\/uploads\\\/2023\\\/06\\\/cropped-icon.png\",\"width\":572,\"height\":572,\"caption\":\"Megaprofe\"},\"image\":{\"@id\":\"https:\\\/\\\/megaprofe.es\\\/#\\\/schema\\\/logo\\\/image\\\/\"}},{\"@type\":\"Person\",\"@id\":\"https:\\\/\\\/megaprofe.es\\\/#\\\/schema\\\/person\\\/5ebc3d70c01bc7b96aa270e272d18330\",\"name\":\"Pau\",\"image\":{\"@type\":\"ImageObject\",\"inLanguage\":\"ca\",\"@id\":\"https:\\\/\\\/secure.gravatar.com\\\/avatar\\\/1a442f43f8df5f46afaa57f2800c4c84e9b031f7f5eae775cd40b0acd6b4fe3a?s=96&d=mm&r=g\",\"url\":\"https:\\\/\\\/secure.gravatar.com\\\/avatar\\\/1a442f43f8df5f46afaa57f2800c4c84e9b031f7f5eae775cd40b0acd6b4fe3a?s=96&d=mm&r=g\",\"contentUrl\":\"https:\\\/\\\/secure.gravatar.com\\\/avatar\\\/1a442f43f8df5f46afaa57f2800c4c84e9b031f7f5eae775cd40b0acd6b4fe3a?s=96&d=mm&r=g\",\"caption\":\"Pau\"},\"description\":\"Pau Yanez es un emprendedor apasionado por la educaci\u00f3n y la tecnolog\u00eda con m\u00e1s de 10 a\u00f1os de experiencia creando y escalando negocios digitales.\",\"sameAs\":[\"https:\\\/\\\/www.linkedin.com\\\/in\\\/pauyanez\\\/\"],\"url\":\"https:\\\/\\\/megaprofe.es\\\/ca\\\/author\\\/pauyanez\\\/\"}]}<\/script>\n<!-- \/ Yoast SEO plugin. -->","yoast_head_json":{"title":"\u00a1Qu\u00e9 a\u00f1o 2023 m\u00e1s memorable hemos tenido! - Megaprofe","description":"Cerramos el primer a\u00f1o de vida de MEGAPROFE y queremos compartir contigo lo emocionados que estamos por todo lo que nos ha pasado.","robots":{"index":"index","follow":"follow","max-snippet":"max-snippet:-1","max-image-preview":"max-image-preview:large","max-video-preview":"max-video-preview:-1"},"canonical":"https:\/\/megaprofe.es\/ca\/que-ano-2023-mas-memorable-hemos-tenido\/","og_locale":"ca_ES","og_type":"article","og_title":"\u00a1Qu\u00e9 a\u00f1o 2023 m\u00e1s memorable hemos tenido! - Megaprofe","og_description":"Cerramos el primer a\u00f1o de vida de MEGAPROFE y queremos compartir contigo lo emocionados que estamos por todo lo que nos ha pasado.","og_url":"https:\/\/megaprofe.es\/ca\/que-ano-2023-mas-memorable-hemos-tenido\/","og_site_name":"Megaprofe","article_published_time":"2023-12-27T20:53:27+00:00","article_modified_time":"2023-12-27T21:34:20+00:00","og_image":[{"width":973,"height":1920,"url":"https:\/\/megaprofe.es\/wp-content\/uploads\/2023\/12\/MEGAPROFE_RECAP_2023.jpg","type":"image\/jpeg"}],"author":"Pau","twitter_card":"summary_large_image","twitter_misc":{"Escrit per":"Pau","Temps estimat de lectura":"2 minuts"},"schema":{"@context":"https:\/\/schema.org","@graph":[{"@type":"Article","@id":"https:\/\/megaprofe.es\/que-ano-2023-mas-memorable-hemos-tenido\/#article","isPartOf":{"@id":"https:\/\/megaprofe.es\/que-ano-2023-mas-memorable-hemos-tenido\/"},"author":{"name":"Pau","@id":"https:\/\/megaprofe.es\/#\/schema\/person\/5ebc3d70c01bc7b96aa270e272d18330"},"headline":"\u00a1Qu\u00e9 a\u00f1o 2023 m\u00e1s memorable hemos tenido!","datePublished":"2023-12-27T20:53:27+00:00","dateModified":"2023-12-27T21:34:20+00:00","mainEntityOfPage":{"@id":"https:\/\/megaprofe.es\/que-ano-2023-mas-memorable-hemos-tenido\/"},"wordCount":240,"commentCount":0,"publisher":{"@id":"https:\/\/megaprofe.es\/#organization"},"image":{"@id":"https:\/\/megaprofe.es\/que-ano-2023-mas-memorable-hemos-tenido\/#primaryimage"},"thumbnailUrl":"https:\/\/megaprofe.es\/wp-content\/uploads\/2023\/12\/MEGAPROFE_RECAP_2023.jpg","keywords":["educaci\u00f3n","inteligencia artificial"],"articleSection":["Blog"],"inLanguage":"ca","potentialAction":[{"@type":"CommentAction","name":"Comment","target":["https:\/\/megaprofe.es\/que-ano-2023-mas-memorable-hemos-tenido\/#respond"]}]},{"@type":"WebPage","@id":"https:\/\/megaprofe.es\/que-ano-2023-mas-memorable-hemos-tenido\/","url":"https:\/\/megaprofe.es\/que-ano-2023-mas-memorable-hemos-tenido\/","name":"\u00a1Qu\u00e9 a\u00f1o 2023 m\u00e1s memorable hemos tenido! - Megaprofe","isPartOf":{"@id":"https:\/\/megaprofe.es\/#website"},"primaryImageOfPage":{"@id":"https:\/\/megaprofe.es\/que-ano-2023-mas-memorable-hemos-tenido\/#primaryimage"},"image":{"@id":"https:\/\/megaprofe.es\/que-ano-2023-mas-memorable-hemos-tenido\/#primaryimage"},"thumbnailUrl":"https:\/\/megaprofe.es\/wp-content\/uploads\/2023\/12\/MEGAPROFE_RECAP_2023.jpg","datePublished":"2023-12-27T20:53:27+00:00","dateModified":"2023-12-27T21:34:20+00:00","description":"Cerramos el primer a\u00f1o de vida de MEGAPROFE y queremos compartir contigo lo emocionados que estamos por todo lo que nos ha pasado.","breadcrumb":{"@id":"https:\/\/megaprofe.es\/que-ano-2023-mas-memorable-hemos-tenido\/#breadcrumb"},"inLanguage":"ca","potentialAction":[{"@type":"ReadAction","target":["https:\/\/megaprofe.es\/que-ano-2023-mas-memorable-hemos-tenido\/"]}]},{"@type":"ImageObject","inLanguage":"ca","@id":"https:\/\/megaprofe.es\/que-ano-2023-mas-memorable-hemos-tenido\/#primaryimage","url":"https:\/\/megaprofe.es\/wp-content\/uploads\/2023\/12\/MEGAPROFE_RECAP_2023.jpg","contentUrl":"https:\/\/megaprofe.es\/wp-content\/uploads\/2023\/12\/MEGAPROFE_RECAP_2023.jpg","width":973,"height":1920},{"@type":"BreadcrumbList","@id":"https:\/\/megaprofe.es\/que-ano-2023-mas-memorable-hemos-tenido\/#breadcrumb","itemListElement":[{"@type":"ListItem","position":1,"name":"Portada","item":"https:\/\/megaprofe.es\/"},{"@type":"ListItem","position":2,"name":"\u00a1Qu\u00e9 a\u00f1o 2023 m\u00e1s memorable hemos tenido!"}]},{"@type":"WebSite","@id":"https:\/\/megaprofe.es\/#website","url":"https:\/\/megaprofe.es\/","name":"Megaprofe","description":"Intel\u00b7lig\u00e8ncia Artificial per Professors i Escoles","publisher":{"@id":"https:\/\/megaprofe.es\/#organization"},"potentialAction":[{"@type":"SearchAction","target":{"@type":"EntryPoint","urlTemplate":"https:\/\/megaprofe.es\/?s={search_term_string}"},"query-input":{"@type":"PropertyValueSpecification","valueRequired":true,"valueName":"search_term_string"}}],"inLanguage":"ca"},{"@type":"Organization","@id":"https:\/\/megaprofe.es\/#organization","name":"Megaprofe","url":"https:\/\/megaprofe.es\/","logo":{"@type":"ImageObject","inLanguage":"ca","@id":"https:\/\/megaprofe.es\/#\/schema\/logo\/image\/","url":"https:\/\/megaprofe.es\/wp-content\/uploads\/2023\/06\/cropped-icon.png","contentUrl":"https:\/\/megaprofe.es\/wp-content\/uploads\/2023\/06\/cropped-icon.png","width":572,"height":572,"caption":"Megaprofe"},"image":{"@id":"https:\/\/megaprofe.es\/#\/schema\/logo\/image\/"}},{"@type":"Person","@id":"https:\/\/megaprofe.es\/#\/schema\/person\/5ebc3d70c01bc7b96aa270e272d18330","name":"Pau","image":{"@type":"ImageObject","inLanguage":"ca","@id":"https:\/\/secure.gravatar.com\/avatar\/1a442f43f8df5f46afaa57f2800c4c84e9b031f7f5eae775cd40b0acd6b4fe3a?s=96&d=mm&r=g","url":"https:\/\/secure.gravatar.com\/avatar\/1a442f43f8df5f46afaa57f2800c4c84e9b031f7f5eae775cd40b0acd6b4fe3a?s=96&d=mm&r=g","contentUrl":"https:\/\/secure.gravatar.com\/avatar\/1a442f43f8df5f46afaa57f2800c4c84e9b031f7f5eae775cd40b0acd6b4fe3a?s=96&d=mm&r=g","caption":"Pau"},"description":"Pau Yanez es un emprendedor apasionado por la educaci\u00f3n y la tecnolog\u00eda con m\u00e1s de 10 a\u00f1os de experiencia creando y escalando negocios digitales.","sameAs":["https:\/\/www.linkedin.com\/in\/pauyanez\/"],"url":"https:\/\/megaprofe.es\/ca\/author\/pauyanez\/"}]}},"_links":{"self":[{"href":"https:\/\/megaprofe.es\/ca\/wp-json\/wp\/v2\/posts\/10650","targetHints":{"allow":["GET"]}}],"collection":[{"href":"https:\/\/megaprofe.es\/ca\/wp-json\/wp\/v2\/posts"}],"about":[{"href":"https:\/\/megaprofe.es\/ca\/wp-json\/wp\/v2\/types\/post"}],"author":[{"embeddable":true,"href":"https:\/\/megaprofe.es\/ca\/wp-json\/wp\/v2\/users\/48"}],"replies":[{"embeddable":true,"href":"https:\/\/megaprofe.es\/ca\/wp-json\/wp\/v2\/comments?post=10650"}],"version-history":[{"count":0,"href":"https:\/\/megaprofe.es\/ca\/wp-json\/wp\/v2\/posts\/10650\/revisions"}],"wp:featuredmedia":[{"embeddable":true,"href":"https:\/\/megaprofe.es\/ca\/wp-json\/wp\/v2\/media\/10651"}],"wp:attachment":[{"href":"https:\/\/megaprofe.es\/ca\/wp-json\/wp\/v2\/media?parent=10650"}],"wp:term":[{"taxonomy":"category","embeddable":true,"href":"https:\/\/megaprofe.es\/ca\/wp-json\/wp\/v2\/categories?post=10650"},{"taxonomy":"post_tag","embeddable":true,"href":"https:\/\/megaprofe.es\/ca\/wp-json\/wp\/v2\/tags?post=10650"}],"curies":[{"name":"wp","href":"https:\/\/api.w.org\/{rel}","templated":true}]}}