{"id":14054,"date":"2024-05-17T10:00:00","date_gmt":"2024-05-17T10:00:00","guid":{"rendered":"https:\/\/megaprofe.es\/?p=14054"},"modified":"2024-05-17T06:20:49","modified_gmt":"2024-05-17T06:20:49","slug":"como-trabajar-la-educacion-especial-con-ia-generativa","status":"publish","type":"post","link":"https:\/\/megaprofe.es\/ca\/como-trabajar-la-educacion-especial-con-ia-generativa\/","title":{"rendered":"C\u00f3mo trabajar la educaci\u00f3n especial con IA generativa"},"content":{"rendered":"<p>La Inteligencia Artificial generativa (IA generativa) est\u00e1 desempe\u00f1ando un papel muy importante en el desarrollo de la educaci\u00f3n especial, abriendo nuevas posibilidades para la inclusi\u00f3n y la adaptabilidad en el aula. En este art\u00edculo, te mostramos c\u00f3mo trabajar la educaci\u00f3n especial con IA generativa, proporcionando herramientas y recursos que permiten m\u00e9todos de ense\u00f1anza m\u00e1s inclusivos y adaptativos para estudiantes con necesidades especiales. \u00bfEmpezamos?<\/p>\n\n\n\n<figure class=\"wp-block-image size-large\"><img fetchpriority=\"high\" decoding=\"async\" width=\"1024\" height=\"585\" src=\"https:\/\/megaprofe.es\/wp-content\/uploads\/2024\/05\/DALL\u00b7E-2024-05-17-08.19.22-A-comic-style-wide-classroom-scene-depicting-a-diverse-group-of-students-including-a-girl-with-blindness-a-student-in-a-wheelchair-and-another-usin-1024x585.webp\" alt=\"\" class=\"wp-image-14084\" srcset=\"https:\/\/megaprofe.es\/wp-content\/uploads\/2024\/05\/DALL\u00b7E-2024-05-17-08.19.22-A-comic-style-wide-classroom-scene-depicting-a-diverse-group-of-students-including-a-girl-with-blindness-a-student-in-a-wheelchair-and-another-usin-1024x585.webp 1024w, https:\/\/megaprofe.es\/wp-content\/uploads\/2024\/05\/DALL\u00b7E-2024-05-17-08.19.22-A-comic-style-wide-classroom-scene-depicting-a-diverse-group-of-students-including-a-girl-with-blindness-a-student-in-a-wheelchair-and-another-usin-300x171.webp 300w, https:\/\/megaprofe.es\/wp-content\/uploads\/2024\/05\/DALL\u00b7E-2024-05-17-08.19.22-A-comic-style-wide-classroom-scene-depicting-a-diverse-group-of-students-including-a-girl-with-blindness-a-student-in-a-wheelchair-and-another-usin-768x439.webp 768w, https:\/\/megaprofe.es\/wp-content\/uploads\/2024\/05\/DALL\u00b7E-2024-05-17-08.19.22-A-comic-style-wide-classroom-scene-depicting-a-diverse-group-of-students-including-a-girl-with-blindness-a-student-in-a-wheelchair-and-another-usin-1536x878.webp 1536w, https:\/\/megaprofe.es\/wp-content\/uploads\/2024\/05\/DALL\u00b7E-2024-05-17-08.19.22-A-comic-style-wide-classroom-scene-depicting-a-diverse-group-of-students-including-a-girl-with-blindness-a-student-in-a-wheelchair-and-another-usin-18x10.webp 18w, https:\/\/megaprofe.es\/wp-content\/uploads\/2024\/05\/DALL\u00b7E-2024-05-17-08.19.22-A-comic-style-wide-classroom-scene-depicting-a-diverse-group-of-students-including-a-girl-with-blindness-a-student-in-a-wheelchair-and-another-usin-600x343.webp 600w, https:\/\/megaprofe.es\/wp-content\/uploads\/2024\/05\/DALL\u00b7E-2024-05-17-08.19.22-A-comic-style-wide-classroom-scene-depicting-a-diverse-group-of-students-including-a-girl-with-blindness-a-student-in-a-wheelchair-and-another-usin.webp 1792w\" sizes=\"(max-width: 1024px) 100vw, 1024px\" \/><\/figure>\n\n\n\n<h2 class=\"wp-block-heading\"><strong>Personalizaci\u00f3n y adaptaci\u00f3n del aprendizaje<\/strong><\/h2>\n\n\n\n<p>La IA generativa est\u00e1 permitiendo una mayor personalizaci\u00f3n del aprendizaje para estudiantes con necesidades especiales. Los sistemas de IA pueden analizar el progreso y las habilidades de cada estudiante, identificando \u00e1reas de fortaleza y debilidad, y adaptando el contenido y los m\u00e9todos de ense\u00f1anza para satisfacer las necesidades individuales de cada estudiante. Esto permite un enfoque educativo m\u00e1s centrado en el estudiante, que se ajusta a su ritmo, estilo de aprendizaje y nivel de habilidad.<\/p>\n\n\n\n<p>Adem\u00e1s se pueden introducir par\u00e1metros que detallen necesidades especiales para obtener actividades, ejercicios y recomendaciones pedag\u00f3gicas para adaptar el curriculum a cada alumno y su necesidad.<\/p>\n\n\n\n<p>Puedes ver algunos tipos de implementaci\u00f3n para la personalizaci\u00f3n con IA en <a href=\"https:\/\/historia1imagen.cl\/2023\/12\/12\/ejemplos-de-como-la-ia-puede-permitir-la-personalizacion-del-aprendizaje-y-adecuar-la-ensenanza-a-los-propios-ritmos-de-cada-estudiante\/\" target=\"_blank\" rel=\"noreferrer noopener\">este art\u00edculo<\/a> o chatear con nuestros <a href=\"https:\/\/megaprofe.es\/ca\/megaprofes-chatbots-educativos\/\">megaprofes<\/a> para solicitarles adaptaciones espec\u00edficas de tus asignaturas a tu aula seg\u00fan los criterios o necesidades que le indiques. <\/p>\n\n\n\n<h2 class=\"wp-block-heading\">Acceso a recursos espec\u00edficos<\/h2>\n\n\n\n<p>La IA est\u00e1 facilitando el acceso a recursos y apoyo adicional para estudiantes con necesidades especiales. Los sistemas de IA pueden recomendar recursos educativos espec\u00edficos, herramientas de apoyo y estrategias de ense\u00f1anza basadas en las necesidades \u00fanicas de cada estudiante. Adem\u00e1s, los chatbots educativos impulsados por IA pueden proporcionar apoyo individualizado y respuestas a preguntas comunes en tiempo real, ofreciendo a los estudiantes una fuente adicional de ayuda y orientaci\u00f3n.<\/p>\n\n\n\n<h2 class=\"wp-block-heading\">Detecci\u00f3n temprana e intervenci\u00f3n<\/h2>\n\n\n\n<p>La IA est\u00e1 mejorando la detecci\u00f3n temprana y la intervenci\u00f3n para estudiantes con necesidades especiales. Los algoritmos de IA pueden analizar grandes conjuntos de datos para identificar patrones y se\u00f1ales de advertencia que pueden indicar dificultades de aprendizaje o necesidades espec\u00edficas. Esto permite a los educadores intervenir de manera proactiva, ofreciendo apoyo y recursos adicionales antes de que surjan problemas m\u00e1s graves. Puedes profundizar un poco m\u00e1s en <a href=\"https:\/\/www.isep.es\/actualidad\/inteligencia-artificial-para-facilitar-la-inclusividad-del-alumnado\/\" target=\"_blank\" rel=\"noreferrer noopener\">este art\u00edculo del Instituto Superior de Estudios Psicol\u00f3gicos (ISEP)<\/a>.<\/p>\n\n\n\n<h2 class=\"wp-block-heading\">Mejora de la accesibilidad<\/h2>\n\n\n\n<p>La IA est\u00e1 mejorando la accesibilidad en el aula para estudiantes con necesidades especiales. Los sistemas de IA pueden proporcionar herramientas de accesibilidad, como lectores de pantalla, traducci\u00f3n de texto a voz y subt\u00edtulos autom\u00e1ticos, que ayudan a los estudiantes con discapacidades visuales, auditivas o de aprendizaje a acceder al contenido educativo de manera efectiva. Adem\u00e1s, la IA est\u00e1 permitiendo la creaci\u00f3n de materiales educativos adaptativos y personalizados que se ajustan a las necesidades espec\u00edficas de cada estudiante.<\/p>\n\n\n\n<p>En resumen, la IA est\u00e1 abriendo un nuevo horizonte en la educaci\u00f3n especial, ofreciendo m\u00e9todos de ense\u00f1anza m\u00e1s inclusivos, adaptativos y personalizados para estudiantes con necesidades especiales. Al aprovechar el poder de la IA, los educadores pueden proporcionar un entorno educativo m\u00e1s centrado en el estudiante, que promueva el \u00e9xito acad\u00e9mico y el bienestar de todos los estudiantes, independientemente de sus habilidades y capacidades.<\/p>","protected":false},"excerpt":{"rendered":"<p>La Inteligencia Artificial generativa (IA generativa) est\u00e1 desempe\u00f1ando un papel muy importante en el desarrollo de la educaci\u00f3n especial, abriendo nuevas posibilidades para la inclusi\u00f3n y la adaptabilidad en el aula. En este art\u00edculo, te mostramos c\u00f3mo trabajar la educaci\u00f3n especial con IA generativa, proporcionando herramientas y recursos que permiten m\u00e9todos de ense\u00f1anza m\u00e1s inclusivos y adaptativos para estudiantes con necesidades especiales. \u00bfEmpezamos?<\/p>","protected":false},"author":2,"featured_media":14084,"comment_status":"open","ping_status":"open","sticky":false,"template":"","format":"standard","meta":{"footnotes":""},"categories":[176],"tags":[261,259,217],"class_list":["post-14054","post","type-post","status-publish","format-standard","has-post-thumbnail","hentry","category-blog","tag-diagnostico","tag-educacion-especial","tag-ia-generativa"],"yoast_head":"<!-- This site is optimized with the Yoast SEO plugin v27.3 - https:\/\/yoast.com\/product\/yoast-seo-wordpress\/ -->\n<title>C\u00f3mo trabajar la educaci\u00f3n especial con IA generativa - Megaprofe<\/title>\n<meta name=\"description\" content=\"Explora c\u00f3mo trabajar la educaci\u00f3n especial con IA generativa y aplica estos consejos en tu aula y asignaturas\" \/>\n<meta name=\"robots\" content=\"index, follow, max-snippet:-1, max-image-preview:large, max-video-preview:-1\" \/>\n<link rel=\"canonical\" href=\"https:\/\/megaprofe.es\/ca\/como-trabajar-la-educacion-especial-con-ia-generativa\/\" \/>\n<meta property=\"og:locale\" content=\"ca_ES\" \/>\n<meta property=\"og:type\" content=\"article\" \/>\n<meta property=\"og:title\" content=\"C\u00f3mo trabajar la educaci\u00f3n especial con IA generativa - Megaprofe\" \/>\n<meta property=\"og:description\" content=\"Explora c\u00f3mo trabajar la educaci\u00f3n especial con IA generativa y aplica estos consejos en tu aula y asignaturas\" \/>\n<meta property=\"og:url\" content=\"https:\/\/megaprofe.es\/ca\/como-trabajar-la-educacion-especial-con-ia-generativa\/\" \/>\n<meta property=\"og:site_name\" content=\"Megaprofe\" \/>\n<meta property=\"article:published_time\" content=\"2024-05-17T10:00:00+00:00\" \/>\n<meta property=\"og:image\" content=\"https:\/\/megaprofe.es\/wp-content\/uploads\/2024\/05\/DALL\u00b7E-2024-05-17-08.19.22-A-comic-style-wide-classroom-scene-depicting-a-diverse-group-of-students-including-a-girl-with-blindness-a-student-in-a-wheelchair-and-another-usin.webp\" \/>\n\t<meta property=\"og:image:width\" content=\"1792\" \/>\n\t<meta property=\"og:image:height\" content=\"1024\" \/>\n\t<meta property=\"og:image:type\" content=\"image\/webp\" \/>\n<meta name=\"author\" content=\"Vicen\u00e7\" \/>\n<meta name=\"twitter:card\" content=\"summary_large_image\" \/>\n<meta name=\"twitter:label1\" content=\"Escrit per\" \/>\n\t<meta name=\"twitter:data1\" content=\"Vicen\u00e7\" \/>\n\t<meta name=\"twitter:label2\" content=\"Temps estimat de lectura\" \/>\n\t<meta name=\"twitter:data2\" content=\"3 minuts\" \/>\n<script type=\"application\/ld+json\" class=\"yoast-schema-graph\">{\"@context\":\"https:\\\/\\\/schema.org\",\"@graph\":[{\"@type\":\"Article\",\"@id\":\"https:\\\/\\\/megaprofe.es\\\/como-trabajar-la-educacion-especial-con-ia-generativa\\\/#article\",\"isPartOf\":{\"@id\":\"https:\\\/\\\/megaprofe.es\\\/como-trabajar-la-educacion-especial-con-ia-generativa\\\/\"},\"author\":{\"name\":\"Vicen\u00e7\",\"@id\":\"https:\\\/\\\/megaprofe.es\\\/#\\\/schema\\\/person\\\/cbd4fab474f7622f196567fd1a8f4d35\"},\"headline\":\"C\u00f3mo trabajar la educaci\u00f3n especial con IA generativa\",\"datePublished\":\"2024-05-17T10:00:00+00:00\",\"mainEntityOfPage\":{\"@id\":\"https:\\\/\\\/megaprofe.es\\\/como-trabajar-la-educacion-especial-con-ia-generativa\\\/\"},\"wordCount\":567,\"commentCount\":0,\"publisher\":{\"@id\":\"https:\\\/\\\/megaprofe.es\\\/#organization\"},\"image\":{\"@id\":\"https:\\\/\\\/megaprofe.es\\\/como-trabajar-la-educacion-especial-con-ia-generativa\\\/#primaryimage\"},\"thumbnailUrl\":\"https:\\\/\\\/megaprofe.es\\\/wp-content\\\/uploads\\\/2024\\\/05\\\/DALL\u00b7E-2024-05-17-08.19.22-A-comic-style-wide-classroom-scene-depicting-a-diverse-group-of-students-including-a-girl-with-blindness-a-student-in-a-wheelchair-and-another-usin.webp\",\"keywords\":[\"diagn\u00f3stico\",\"educaci\u00f3n especial\",\"IA generativa\"],\"articleSection\":[\"Blog\"],\"inLanguage\":\"ca\",\"potentialAction\":[{\"@type\":\"CommentAction\",\"name\":\"Comment\",\"target\":[\"https:\\\/\\\/megaprofe.es\\\/como-trabajar-la-educacion-especial-con-ia-generativa\\\/#respond\"]}]},{\"@type\":\"WebPage\",\"@id\":\"https:\\\/\\\/megaprofe.es\\\/como-trabajar-la-educacion-especial-con-ia-generativa\\\/\",\"url\":\"https:\\\/\\\/megaprofe.es\\\/como-trabajar-la-educacion-especial-con-ia-generativa\\\/\",\"name\":\"C\u00f3mo trabajar la educaci\u00f3n especial con IA generativa - Megaprofe\",\"isPartOf\":{\"@id\":\"https:\\\/\\\/megaprofe.es\\\/#website\"},\"primaryImageOfPage\":{\"@id\":\"https:\\\/\\\/megaprofe.es\\\/como-trabajar-la-educacion-especial-con-ia-generativa\\\/#primaryimage\"},\"image\":{\"@id\":\"https:\\\/\\\/megaprofe.es\\\/como-trabajar-la-educacion-especial-con-ia-generativa\\\/#primaryimage\"},\"thumbnailUrl\":\"https:\\\/\\\/megaprofe.es\\\/wp-content\\\/uploads\\\/2024\\\/05\\\/DALL\u00b7E-2024-05-17-08.19.22-A-comic-style-wide-classroom-scene-depicting-a-diverse-group-of-students-including-a-girl-with-blindness-a-student-in-a-wheelchair-and-another-usin.webp\",\"datePublished\":\"2024-05-17T10:00:00+00:00\",\"description\":\"Explora c\u00f3mo trabajar la educaci\u00f3n especial con IA generativa y aplica estos consejos en tu aula y asignaturas\",\"breadcrumb\":{\"@id\":\"https:\\\/\\\/megaprofe.es\\\/como-trabajar-la-educacion-especial-con-ia-generativa\\\/#breadcrumb\"},\"inLanguage\":\"ca\",\"potentialAction\":[{\"@type\":\"ReadAction\",\"target\":[\"https:\\\/\\\/megaprofe.es\\\/como-trabajar-la-educacion-especial-con-ia-generativa\\\/\"]}]},{\"@type\":\"ImageObject\",\"inLanguage\":\"ca\",\"@id\":\"https:\\\/\\\/megaprofe.es\\\/como-trabajar-la-educacion-especial-con-ia-generativa\\\/#primaryimage\",\"url\":\"https:\\\/\\\/megaprofe.es\\\/wp-content\\\/uploads\\\/2024\\\/05\\\/DALL\u00b7E-2024-05-17-08.19.22-A-comic-style-wide-classroom-scene-depicting-a-diverse-group-of-students-including-a-girl-with-blindness-a-student-in-a-wheelchair-and-another-usin.webp\",\"contentUrl\":\"https:\\\/\\\/megaprofe.es\\\/wp-content\\\/uploads\\\/2024\\\/05\\\/DALL\u00b7E-2024-05-17-08.19.22-A-comic-style-wide-classroom-scene-depicting-a-diverse-group-of-students-including-a-girl-with-blindness-a-student-in-a-wheelchair-and-another-usin.webp\",\"width\":1792,\"height\":1024},{\"@type\":\"BreadcrumbList\",\"@id\":\"https:\\\/\\\/megaprofe.es\\\/como-trabajar-la-educacion-especial-con-ia-generativa\\\/#breadcrumb\",\"itemListElement\":[{\"@type\":\"ListItem\",\"position\":1,\"name\":\"Portada\",\"item\":\"https:\\\/\\\/megaprofe.es\\\/\"},{\"@type\":\"ListItem\",\"position\":2,\"name\":\"C\u00f3mo trabajar la educaci\u00f3n especial con IA generativa\"}]},{\"@type\":\"WebSite\",\"@id\":\"https:\\\/\\\/megaprofe.es\\\/#website\",\"url\":\"https:\\\/\\\/megaprofe.es\\\/\",\"name\":\"Megaprofe\",\"description\":\"Inteligencia Artificial para Profesores y Escuelas\",\"publisher\":{\"@id\":\"https:\\\/\\\/megaprofe.es\\\/#organization\"},\"potentialAction\":[{\"@type\":\"SearchAction\",\"target\":{\"@type\":\"EntryPoint\",\"urlTemplate\":\"https:\\\/\\\/megaprofe.es\\\/?s={search_term_string}\"},\"query-input\":{\"@type\":\"PropertyValueSpecification\",\"valueRequired\":true,\"valueName\":\"search_term_string\"}}],\"inLanguage\":\"ca\"},{\"@type\":\"Organization\",\"@id\":\"https:\\\/\\\/megaprofe.es\\\/#organization\",\"name\":\"Megaprofe\",\"url\":\"https:\\\/\\\/megaprofe.es\\\/\",\"logo\":{\"@type\":\"ImageObject\",\"inLanguage\":\"ca\",\"@id\":\"https:\\\/\\\/megaprofe.es\\\/#\\\/schema\\\/logo\\\/image\\\/\",\"url\":\"https:\\\/\\\/megaprofe.es\\\/wp-content\\\/uploads\\\/2023\\\/06\\\/cropped-icon.png\",\"contentUrl\":\"https:\\\/\\\/megaprofe.es\\\/wp-content\\\/uploads\\\/2023\\\/06\\\/cropped-icon.png\",\"width\":572,\"height\":572,\"caption\":\"Megaprofe\"},\"image\":{\"@id\":\"https:\\\/\\\/megaprofe.es\\\/#\\\/schema\\\/logo\\\/image\\\/\"}},{\"@type\":\"Person\",\"@id\":\"https:\\\/\\\/megaprofe.es\\\/#\\\/schema\\\/person\\\/cbd4fab474f7622f196567fd1a8f4d35\",\"name\":\"Vicen\u00e7\",\"image\":{\"@type\":\"ImageObject\",\"inLanguage\":\"ca\",\"@id\":\"https:\\\/\\\/secure.gravatar.com\\\/avatar\\\/cd5926577db513302f09e2842b9dcbd39fc48cec4f2cd550ed64606885ae4e8c?s=96&d=mm&r=g\",\"url\":\"https:\\\/\\\/secure.gravatar.com\\\/avatar\\\/cd5926577db513302f09e2842b9dcbd39fc48cec4f2cd550ed64606885ae4e8c?s=96&d=mm&r=g\",\"contentUrl\":\"https:\\\/\\\/secure.gravatar.com\\\/avatar\\\/cd5926577db513302f09e2842b9dcbd39fc48cec4f2cd550ed64606885ae4e8c?s=96&d=mm&r=g\",\"caption\":\"Vicen\u00e7\"},\"url\":\"https:\\\/\\\/megaprofe.es\\\/ca\\\/author\\\/yll\\\/\"}]}<\/script>\n<!-- \/ Yoast SEO plugin. -->","yoast_head_json":{"title":"C\u00f3mo trabajar la educaci\u00f3n especial con IA generativa - Megaprofe","description":"Explora c\u00f3mo trabajar la educaci\u00f3n especial con IA generativa y aplica estos consejos en tu aula y asignaturas","robots":{"index":"index","follow":"follow","max-snippet":"max-snippet:-1","max-image-preview":"max-image-preview:large","max-video-preview":"max-video-preview:-1"},"canonical":"https:\/\/megaprofe.es\/ca\/como-trabajar-la-educacion-especial-con-ia-generativa\/","og_locale":"ca_ES","og_type":"article","og_title":"C\u00f3mo trabajar la educaci\u00f3n especial con IA generativa - Megaprofe","og_description":"Explora c\u00f3mo trabajar la educaci\u00f3n especial con IA generativa y aplica estos consejos en tu aula y asignaturas","og_url":"https:\/\/megaprofe.es\/ca\/como-trabajar-la-educacion-especial-con-ia-generativa\/","og_site_name":"Megaprofe","article_published_time":"2024-05-17T10:00:00+00:00","og_image":[{"width":1792,"height":1024,"url":"https:\/\/megaprofe.es\/wp-content\/uploads\/2024\/05\/DALL\u00b7E-2024-05-17-08.19.22-A-comic-style-wide-classroom-scene-depicting-a-diverse-group-of-students-including-a-girl-with-blindness-a-student-in-a-wheelchair-and-another-usin.webp","type":"image\/webp"}],"author":"Vicen\u00e7","twitter_card":"summary_large_image","twitter_misc":{"Escrit per":"Vicen\u00e7","Temps estimat de lectura":"3 minuts"},"schema":{"@context":"https:\/\/schema.org","@graph":[{"@type":"Article","@id":"https:\/\/megaprofe.es\/como-trabajar-la-educacion-especial-con-ia-generativa\/#article","isPartOf":{"@id":"https:\/\/megaprofe.es\/como-trabajar-la-educacion-especial-con-ia-generativa\/"},"author":{"name":"Vicen\u00e7","@id":"https:\/\/megaprofe.es\/#\/schema\/person\/cbd4fab474f7622f196567fd1a8f4d35"},"headline":"C\u00f3mo trabajar la educaci\u00f3n especial con IA generativa","datePublished":"2024-05-17T10:00:00+00:00","mainEntityOfPage":{"@id":"https:\/\/megaprofe.es\/como-trabajar-la-educacion-especial-con-ia-generativa\/"},"wordCount":567,"commentCount":0,"publisher":{"@id":"https:\/\/megaprofe.es\/#organization"},"image":{"@id":"https:\/\/megaprofe.es\/como-trabajar-la-educacion-especial-con-ia-generativa\/#primaryimage"},"thumbnailUrl":"https:\/\/megaprofe.es\/wp-content\/uploads\/2024\/05\/DALL\u00b7E-2024-05-17-08.19.22-A-comic-style-wide-classroom-scene-depicting-a-diverse-group-of-students-including-a-girl-with-blindness-a-student-in-a-wheelchair-and-another-usin.webp","keywords":["diagn\u00f3stico","educaci\u00f3n especial","IA generativa"],"articleSection":["Blog"],"inLanguage":"ca","potentialAction":[{"@type":"CommentAction","name":"Comment","target":["https:\/\/megaprofe.es\/como-trabajar-la-educacion-especial-con-ia-generativa\/#respond"]}]},{"@type":"WebPage","@id":"https:\/\/megaprofe.es\/como-trabajar-la-educacion-especial-con-ia-generativa\/","url":"https:\/\/megaprofe.es\/como-trabajar-la-educacion-especial-con-ia-generativa\/","name":"C\u00f3mo trabajar la educaci\u00f3n especial con IA generativa - Megaprofe","isPartOf":{"@id":"https:\/\/megaprofe.es\/#website"},"primaryImageOfPage":{"@id":"https:\/\/megaprofe.es\/como-trabajar-la-educacion-especial-con-ia-generativa\/#primaryimage"},"image":{"@id":"https:\/\/megaprofe.es\/como-trabajar-la-educacion-especial-con-ia-generativa\/#primaryimage"},"thumbnailUrl":"https:\/\/megaprofe.es\/wp-content\/uploads\/2024\/05\/DALL\u00b7E-2024-05-17-08.19.22-A-comic-style-wide-classroom-scene-depicting-a-diverse-group-of-students-including-a-girl-with-blindness-a-student-in-a-wheelchair-and-another-usin.webp","datePublished":"2024-05-17T10:00:00+00:00","description":"Explora c\u00f3mo trabajar la educaci\u00f3n especial con IA generativa y aplica estos consejos en tu aula y asignaturas","breadcrumb":{"@id":"https:\/\/megaprofe.es\/como-trabajar-la-educacion-especial-con-ia-generativa\/#breadcrumb"},"inLanguage":"ca","potentialAction":[{"@type":"ReadAction","target":["https:\/\/megaprofe.es\/como-trabajar-la-educacion-especial-con-ia-generativa\/"]}]},{"@type":"ImageObject","inLanguage":"ca","@id":"https:\/\/megaprofe.es\/como-trabajar-la-educacion-especial-con-ia-generativa\/#primaryimage","url":"https:\/\/megaprofe.es\/wp-content\/uploads\/2024\/05\/DALL\u00b7E-2024-05-17-08.19.22-A-comic-style-wide-classroom-scene-depicting-a-diverse-group-of-students-including-a-girl-with-blindness-a-student-in-a-wheelchair-and-another-usin.webp","contentUrl":"https:\/\/megaprofe.es\/wp-content\/uploads\/2024\/05\/DALL\u00b7E-2024-05-17-08.19.22-A-comic-style-wide-classroom-scene-depicting-a-diverse-group-of-students-including-a-girl-with-blindness-a-student-in-a-wheelchair-and-another-usin.webp","width":1792,"height":1024},{"@type":"BreadcrumbList","@id":"https:\/\/megaprofe.es\/como-trabajar-la-educacion-especial-con-ia-generativa\/#breadcrumb","itemListElement":[{"@type":"ListItem","position":1,"name":"Portada","item":"https:\/\/megaprofe.es\/"},{"@type":"ListItem","position":2,"name":"C\u00f3mo trabajar la educaci\u00f3n especial con IA generativa"}]},{"@type":"WebSite","@id":"https:\/\/megaprofe.es\/#website","url":"https:\/\/megaprofe.es\/","name":"Megaprofe","description":"Intel\u00b7lig\u00e8ncia Artificial per Professors i Escoles","publisher":{"@id":"https:\/\/megaprofe.es\/#organization"},"potentialAction":[{"@type":"SearchAction","target":{"@type":"EntryPoint","urlTemplate":"https:\/\/megaprofe.es\/?s={search_term_string}"},"query-input":{"@type":"PropertyValueSpecification","valueRequired":true,"valueName":"search_term_string"}}],"inLanguage":"ca"},{"@type":"Organization","@id":"https:\/\/megaprofe.es\/#organization","name":"Megaprofe","url":"https:\/\/megaprofe.es\/","logo":{"@type":"ImageObject","inLanguage":"ca","@id":"https:\/\/megaprofe.es\/#\/schema\/logo\/image\/","url":"https:\/\/megaprofe.es\/wp-content\/uploads\/2023\/06\/cropped-icon.png","contentUrl":"https:\/\/megaprofe.es\/wp-content\/uploads\/2023\/06\/cropped-icon.png","width":572,"height":572,"caption":"Megaprofe"},"image":{"@id":"https:\/\/megaprofe.es\/#\/schema\/logo\/image\/"}},{"@type":"Person","@id":"https:\/\/megaprofe.es\/#\/schema\/person\/cbd4fab474f7622f196567fd1a8f4d35","name":"Vicen\u00e7","image":{"@type":"ImageObject","inLanguage":"ca","@id":"https:\/\/secure.gravatar.com\/avatar\/cd5926577db513302f09e2842b9dcbd39fc48cec4f2cd550ed64606885ae4e8c?s=96&d=mm&r=g","url":"https:\/\/secure.gravatar.com\/avatar\/cd5926577db513302f09e2842b9dcbd39fc48cec4f2cd550ed64606885ae4e8c?s=96&d=mm&r=g","contentUrl":"https:\/\/secure.gravatar.com\/avatar\/cd5926577db513302f09e2842b9dcbd39fc48cec4f2cd550ed64606885ae4e8c?s=96&d=mm&r=g","caption":"Vicen\u00e7"},"url":"https:\/\/megaprofe.es\/ca\/author\/yll\/"}]}},"_links":{"self":[{"href":"https:\/\/megaprofe.es\/ca\/wp-json\/wp\/v2\/posts\/14054","targetHints":{"allow":["GET"]}}],"collection":[{"href":"https:\/\/megaprofe.es\/ca\/wp-json\/wp\/v2\/posts"}],"about":[{"href":"https:\/\/megaprofe.es\/ca\/wp-json\/wp\/v2\/types\/post"}],"author":[{"embeddable":true,"href":"https:\/\/megaprofe.es\/ca\/wp-json\/wp\/v2\/users\/2"}],"replies":[{"embeddable":true,"href":"https:\/\/megaprofe.es\/ca\/wp-json\/wp\/v2\/comments?post=14054"}],"version-history":[{"count":0,"href":"https:\/\/megaprofe.es\/ca\/wp-json\/wp\/v2\/posts\/14054\/revisions"}],"wp:featuredmedia":[{"embeddable":true,"href":"https:\/\/megaprofe.es\/ca\/wp-json\/wp\/v2\/media\/14084"}],"wp:attachment":[{"href":"https:\/\/megaprofe.es\/ca\/wp-json\/wp\/v2\/media?parent=14054"}],"wp:term":[{"taxonomy":"category","embeddable":true,"href":"https:\/\/megaprofe.es\/ca\/wp-json\/wp\/v2\/categories?post=14054"},{"taxonomy":"post_tag","embeddable":true,"href":"https:\/\/megaprofe.es\/ca\/wp-json\/wp\/v2\/tags?post=14054"}],"curies":[{"name":"wp","href":"https:\/\/api.w.org\/{rel}","templated":true}]}}