{"id":17612,"date":"2026-01-28T10:50:16","date_gmt":"2026-01-28T10:50:16","guid":{"rendered":"https:\/\/megaprofe.es\/?p=17612"},"modified":"2026-01-28T10:56:27","modified_gmt":"2026-01-28T10:56:27","slug":"ia-educativa-inclusion-nee","status":"publish","type":"post","link":"https:\/\/megaprofe.es\/ca\/ia-educativa-inclusion-nee\/","title":{"rendered":"IA Educativa para la Inclusi\u00f3n y Adaptaci\u00f3n NEE"},"content":{"rendered":"\t\t<div data-elementor-type=\"wp-post\" data-elementor-id=\"17612\" class=\"elementor elementor-17612\" data-elementor-settings=\"{&quot;ha_cmc_init_switcher&quot;:&quot;no&quot;}\">\n\t\t\t\t\t\t<section class=\"elementor-section elementor-top-section elementor-element elementor-element-9f49d02 elementor-section-boxed elementor-section-height-default elementor-section-height-default e-parent\" data-id=\"9f49d02\" data-element_type=\"section\" data-e-type=\"section\" data-settings=\"{&quot;_ha_eqh_enable&quot;:false}\">\n\t\t\t\t\t\t<div class=\"elementor-container elementor-column-gap-default\">\n\t\t\t\t\t<div class=\"elementor-column elementor-col-100 elementor-top-column elementor-element elementor-element-3297f1a lakit-col-width-auto-no\" data-id=\"3297f1a\" data-element_type=\"column\" data-e-type=\"column\">\n\t\t\t<div class=\"elementor-widget-wrap elementor-element-populated\">\n\t\t\t\t\t\t<div class=\"elementor-element elementor-element-e91a603 elementor-widget elementor-widget-text-editor\" data-id=\"e91a603\" data-element_type=\"widget\" data-e-type=\"widget\" data-widget_type=\"text-editor.default\">\n\t\t\t\t<div class=\"elementor-widget-container\">\n\t\t\t\t\t\t\t\t\t<p data-pm-slice=\"1 1 []\">La verdadera democratizaci\u00f3n de la ense\u00f1anza no consiste en dar a todos lo mismo, sino en ofrecer a cada alumno lo que necesita para alcanzar su m\u00e1ximo potencial. En este escenario, el <strong>impacto de la inteligencia artificial en la educaci\u00f3n<\/strong> est\u00e1 marcando un hito hist\u00f3rico, especialmente en el \u00e1mbito de las <strong>Necesidades Especiales de Apoyo Educativo (NEAE)<\/strong> y las <strong>Necesidades Educativas Especiales (NEE)<\/strong>.<\/p><p>Adaptar un texto para un alumno con dislexia, simplificar instrucciones para un estudiante con TEA o crear materiales visuales para alumnos con dificultades de procesamiento cognitivo sol\u00eda requerir horas de trabajo manual. Hoy, la <strong>ia para maestros<\/strong> permite realizar estas adaptaciones en segundos, garantizando una inclusi\u00f3n real y efectiva en el aula ordinaria.<\/p>\t\t\t\t\t\t\t\t<\/div>\n\t\t\t\t<\/div>\n\t\t\t\t\t<\/div>\n\t\t<\/div>\n\t\t\t\t\t<\/div>\n\t\t<\/section>\n\t\t\t\t<section class=\"elementor-section elementor-top-section elementor-element elementor-element-93cbaf5 elementor-section-boxed elementor-section-height-default elementor-section-height-default e-parent\" data-id=\"93cbaf5\" data-element_type=\"section\" data-e-type=\"section\" data-settings=\"{&quot;_ha_eqh_enable&quot;:false}\">\n\t\t\t\t\t\t<div class=\"elementor-container elementor-column-gap-default\">\n\t\t\t\t\t<div class=\"elementor-column elementor-col-100 elementor-top-column elementor-element elementor-element-a2caaf7 lakit-col-width-auto-no\" data-id=\"a2caaf7\" data-element_type=\"column\" data-e-type=\"column\">\n\t\t\t<div class=\"elementor-widget-wrap elementor-element-populated\">\n\t\t\t\t\t\t<div class=\"elementor-element elementor-element-13f88c4 elementor-widget elementor-widget-heading\" data-id=\"13f88c4\" data-element_type=\"widget\" data-e-type=\"widget\" data-widget_type=\"heading.default\">\n\t\t\t\t<div class=\"elementor-widget-container\">\n\t\t\t\t\t<h2 class=\"elementor-heading-title elementor-size-default\">\u00bfC\u00f3mo influye la inteligencia artificial en la educaci\u00f3n inclusiva?<\/h2>\t\t\t\t<\/div>\n\t\t\t\t<\/div>\n\t\t\t\t\t<\/div>\n\t\t<\/div>\n\t\t\t\t\t<\/div>\n\t\t<\/section>\n\t\t\t\t<section class=\"elementor-section elementor-top-section elementor-element elementor-element-5ff999d elementor-section-boxed elementor-section-height-default elementor-section-height-default e-parent\" data-id=\"5ff999d\" data-element_type=\"section\" data-e-type=\"section\" data-settings=\"{&quot;_ha_eqh_enable&quot;:false}\">\n\t\t\t\t\t\t<div class=\"elementor-container elementor-column-gap-default\">\n\t\t\t\t\t<div class=\"elementor-column elementor-col-100 elementor-top-column elementor-element elementor-element-764e6db lakit-col-width-auto-no\" data-id=\"764e6db\" data-element_type=\"column\" data-e-type=\"column\">\n\t\t\t<div class=\"elementor-widget-wrap elementor-element-populated\">\n\t\t\t\t\t\t<div class=\"elementor-element elementor-element-4717c4d elementor-widget elementor-widget-text-editor\" data-id=\"4717c4d\" data-element_type=\"widget\" data-e-type=\"widget\" data-widget_type=\"text-editor.default\">\n\t\t\t\t<div class=\"elementor-widget-container\">\n\t\t\t\t\t\t\t\t\t<p data-pm-slice=\"1 3 []\">La <strong>ia educativa<\/strong> act\u00faa como un puente que elimina barreras de aprendizaje. Su capacidad para transformar formatos (de texto a voz, de imagen a descripci\u00f3n, de lenguaje complejo a lectura f\u00e1cil) la convierte en el asistente de pedagog\u00eda terap\u00e9utica m\u00e1s potente hasta la fecha.<\/p><h3>Beneficios de la IA para la inclusi\u00f3n<\/h3><ul><li><p><strong>Personalizaci\u00f3n instant\u00e1nea:<\/strong> Permite crear m\u00faltiples versiones de una misma actividad seg\u00fan el nivel de competencia curricular.<\/p><\/li><li><p><strong>Autonom\u00eda del alumno:<\/strong> Herramientas de lectura inmersiva y dictado permiten que el alumno sea m\u00e1s independiente.<\/p><\/li><li><p><strong>Reducci\u00f3n del estr\u00e9s docente:<\/strong> La <strong>automatizaci\u00f3n de tareas docentes<\/strong> en la adaptaci\u00f3n de materiales libera al profesor para centrarse en el apoyo emocional.<\/p><\/li><\/ul>\t\t\t\t\t\t\t\t<\/div>\n\t\t\t\t<\/div>\n\t\t\t\t\t<\/div>\n\t\t<\/div>\n\t\t\t\t\t<\/div>\n\t\t<\/section>\n\t\t\t\t<section class=\"elementor-section elementor-top-section elementor-element elementor-element-8a43079 elementor-section-boxed elementor-section-height-default elementor-section-height-default e-parent\" data-id=\"8a43079\" data-element_type=\"section\" data-e-type=\"section\" data-settings=\"{&quot;_ha_eqh_enable&quot;:false}\">\n\t\t\t\t\t\t<div class=\"elementor-container elementor-column-gap-default\">\n\t\t\t\t\t<div class=\"elementor-column elementor-col-100 elementor-top-column elementor-element elementor-element-09d1109 lakit-col-width-auto-no\" data-id=\"09d1109\" data-element_type=\"column\" data-e-type=\"column\">\n\t\t\t<div class=\"elementor-widget-wrap elementor-element-populated\">\n\t\t\t\t\t\t<div class=\"elementor-element elementor-element-1bfc0d3 elementor-widget elementor-widget-heading\" data-id=\"1bfc0d3\" data-element_type=\"widget\" data-e-type=\"widget\" data-widget_type=\"heading.default\">\n\t\t\t\t<div class=\"elementor-widget-container\">\n\t\t\t\t\t<h2 class=\"elementor-heading-title elementor-size-default\">Estrategias de adaptaci\u00f3n con IA para diferentes perfiles<\/h2>\t\t\t\t<\/div>\n\t\t\t\t<\/div>\n\t\t\t\t\t<\/div>\n\t\t<\/div>\n\t\t\t\t\t<\/div>\n\t\t<\/section>\n\t\t\t\t<section class=\"elementor-section elementor-top-section elementor-element elementor-element-12a17b1 elementor-section-boxed elementor-section-height-default elementor-section-height-default e-parent\" data-id=\"12a17b1\" data-element_type=\"section\" data-e-type=\"section\" data-settings=\"{&quot;_ha_eqh_enable&quot;:false}\">\n\t\t\t\t\t\t<div class=\"elementor-container elementor-column-gap-default\">\n\t\t\t\t\t<div class=\"elementor-column elementor-col-100 elementor-top-column elementor-element elementor-element-07f115d lakit-col-width-auto-no\" data-id=\"07f115d\" data-element_type=\"column\" data-e-type=\"column\">\n\t\t\t<div class=\"elementor-widget-wrap elementor-element-populated\">\n\t\t\t\t\t\t<div class=\"elementor-element elementor-element-5494f4b elementor-widget elementor-widget-text-editor\" data-id=\"5494f4b\" data-element_type=\"widget\" data-e-type=\"widget\" data-widget_type=\"text-editor.default\">\n\t\t\t\t<div class=\"elementor-widget-container\">\n\t\t\t\t\t\t\t\t\t<p data-pm-slice=\"1 1 []\">Cada alumno es un mundo, y la <strong>inteligencia artificial para docentes<\/strong> nos permite afinar la respuesta educativa seg\u00fan el perfil de necesidad:<\/p><h3>1. Dislexia y dificultades de lectura<\/h3><p>La IA puede reformular p\u00e1rrafos densos utilizando un vocabulario m\u00e1s accesible y una estructura de frase m\u00e1s simple. Adem\u00e1s, facilita la creaci\u00f3n de materiales con fuentes tipogr\u00e1ficas y espaciados optimizados para la lectura.<\/p><h3>2. Trastorno del Espectro Autista (TEA)<\/h3><p>La <strong>ia para crear actividades educativas gratis<\/strong> es excelente para generar secuencias de pasos (pictogramas textuales) o historias sociales que ayuden a anticipar situaciones. Puedes usar un <strong>prompt gratis online<\/strong> para pedir: <em>&#8220;Redacta una secuencia de 5 pasos sencillos sobre c\u00f3mo realizar la actividad de hoy, evitando met\u00e1foras y lenguaje figurado&#8221;<\/em>.<\/p><h3>3. TDAH y organizaci\u00f3n<\/h3><p>La IA puede desglosar tareas largas en micro-objetivos con listas de verificaci\u00f3n (<em>checklists<\/em>), ayudando al alumno a mantener el foco y reducir la ansiedad ante tareas complejas.<\/p><p>Para dominar estas instrucciones, te recomendamos leer nuestra gu\u00eda sobre <a title=\"null\" href=\"https:\/\/megaprofe.es\/blog\/diccionario-ia-para-docentes\/\">C\u00f3mo hacer un prompt efectivo<\/a>.<\/p>\t\t\t\t\t\t\t\t<\/div>\n\t\t\t\t<\/div>\n\t\t\t\t\t<\/div>\n\t\t<\/div>\n\t\t\t\t\t<\/div>\n\t\t<\/section>\n\t\t\t\t<section class=\"elementor-section elementor-top-section elementor-element elementor-element-6771d11 elementor-section-boxed elementor-section-height-default elementor-section-height-default e-parent\" data-id=\"6771d11\" data-element_type=\"section\" data-e-type=\"section\" data-settings=\"{&quot;_ha_eqh_enable&quot;:false}\">\n\t\t\t\t\t\t<div class=\"elementor-container elementor-column-gap-default\">\n\t\t\t\t\t<div class=\"elementor-column elementor-col-100 elementor-top-column elementor-element elementor-element-3395604 lakit-col-width-auto-no\" data-id=\"3395604\" data-element_type=\"column\" data-e-type=\"column\">\n\t\t\t<div class=\"elementor-widget-wrap elementor-element-populated\">\n\t\t\t\t\t\t<div class=\"elementor-element elementor-element-c612552 elementor-widget elementor-widget-heading\" data-id=\"c612552\" data-element_type=\"widget\" data-e-type=\"widget\" data-widget_type=\"heading.default\">\n\t\t\t\t<div class=\"elementor-widget-container\">\n\t\t\t\t\t<h2 class=\"elementor-heading-title elementor-size-default\">Ejemplo de Prompt para Adaptaci\u00f3n de Materiales<\/h2>\t\t\t\t<\/div>\n\t\t\t\t<\/div>\n\t\t\t\t\t<\/div>\n\t\t<\/div>\n\t\t\t\t\t<\/div>\n\t\t<\/section>\n\t\t\t\t<section class=\"elementor-section elementor-top-section elementor-element elementor-element-26d5598 elementor-section-boxed elementor-section-height-default elementor-section-height-default e-parent\" data-id=\"26d5598\" data-element_type=\"section\" data-e-type=\"section\" data-settings=\"{&quot;_ha_eqh_enable&quot;:false}\">\n\t\t\t\t\t\t<div class=\"elementor-container elementor-column-gap-default\">\n\t\t\t\t\t<div class=\"elementor-column elementor-col-100 elementor-top-column elementor-element elementor-element-96c4229 lakit-col-width-auto-no\" data-id=\"96c4229\" data-element_type=\"column\" data-e-type=\"column\">\n\t\t\t<div class=\"elementor-widget-wrap elementor-element-populated\">\n\t\t\t\t\t\t<div class=\"elementor-element elementor-element-c7595ee elementor-widget elementor-widget-text-editor\" data-id=\"c7595ee\" data-element_type=\"widget\" data-e-type=\"widget\" data-widget_type=\"text-editor.default\">\n\t\t\t\t<div class=\"elementor-widget-container\">\n\t\t\t\t\t\t\t\t\t<p data-pm-slice=\"1 1 []\">Si quieres adaptar un texto de Ciencias Naturales para un alumno con un nivel de competencia curricular inferior, la clave est\u00e1 en la <strong>estructura de un buen prompt<\/strong>.<\/p><blockquote><p><strong>Comando Sugerido:<\/strong> <em>&#8220;Act\u00faa como un experto en educaci\u00f3n inclusiva. Toma el siguiente texto sobre [Tema] y ad\u00e1ptalo a <strong>Lectura F\u00e1cil<\/strong>. Utiliza frases cortas, lenguaje directo y elimina conceptos abstractos innecesarios. Mant\u00e9n la informaci\u00f3n esencial que un alumno de [Nivel] debe conocer.&#8221;<\/em><\/p><\/blockquote><p>Este tipo de <strong>uso de prompts<\/strong> es lo que exploramos en profundidad en nuestra <a title=\"null\" href=\"https:\/\/megaprofe.es\/blog\/guia-ia-para-profesores-bienvenida\/\">Gu\u00eda de Bienvenida a la IA para Profesores<\/a>.<\/p>\t\t\t\t\t\t\t\t<\/div>\n\t\t\t\t<\/div>\n\t\t\t\t\t<\/div>\n\t\t<\/div>\n\t\t\t\t\t<\/div>\n\t\t<\/section>\n\t\t\t\t<section class=\"elementor-section elementor-top-section elementor-element elementor-element-6234820 elementor-section-boxed elementor-section-height-default elementor-section-height-default e-parent\" data-id=\"6234820\" data-element_type=\"section\" data-e-type=\"section\" data-settings=\"{&quot;_ha_eqh_enable&quot;:false}\">\n\t\t\t\t\t\t<div class=\"elementor-container elementor-column-gap-default\">\n\t\t\t\t\t<div class=\"elementor-column elementor-col-100 elementor-top-column elementor-element elementor-element-84696a3 lakit-col-width-auto-no\" data-id=\"84696a3\" data-element_type=\"column\" data-e-type=\"column\">\n\t\t\t<div class=\"elementor-widget-wrap elementor-element-populated\">\n\t\t\t\t\t\t<div class=\"elementor-element elementor-element-e1c92e0 elementor-widget elementor-widget-heading\" data-id=\"e1c92e0\" data-element_type=\"widget\" data-e-type=\"widget\" data-widget_type=\"heading.default\">\n\t\t\t\t<div class=\"elementor-widget-container\">\n\t\t\t\t\t<h2 class=\"elementor-heading-title elementor-size-default\">Evaluaci\u00f3n Inclusiva: R\u00fabricas Adaptadas<\/h2>\t\t\t\t<\/div>\n\t\t\t\t<\/div>\n\t\t\t\t\t<\/div>\n\t\t<\/div>\n\t\t\t\t\t<\/div>\n\t\t<\/section>\n\t\t\t\t<section class=\"elementor-section elementor-top-section elementor-element elementor-element-4e56f41 elementor-section-boxed elementor-section-height-default elementor-section-height-default e-parent\" data-id=\"4e56f41\" data-element_type=\"section\" data-e-type=\"section\" data-settings=\"{&quot;_ha_eqh_enable&quot;:false}\">\n\t\t\t\t\t\t<div class=\"elementor-container elementor-column-gap-default\">\n\t\t\t\t\t<div class=\"elementor-column elementor-col-100 elementor-top-column elementor-element elementor-element-65c5e66 lakit-col-width-auto-no\" data-id=\"65c5e66\" data-element_type=\"column\" data-e-type=\"column\">\n\t\t\t<div class=\"elementor-widget-wrap elementor-element-populated\">\n\t\t\t\t\t\t<div class=\"elementor-element elementor-element-fc2e99a elementor-widget elementor-widget-text-editor\" data-id=\"fc2e99a\" data-element_type=\"widget\" data-e-type=\"widget\" data-widget_type=\"text-editor.default\">\n\t\t\t\t<div class=\"elementor-widget-container\">\n\t\t\t\t\t\t\t\t\t<p data-pm-slice=\"1 1 []\">No podemos adaptar el material y no adaptar la evaluaci\u00f3n. El <strong>impacto de la ia en la educacion<\/strong> tambi\u00e9n llega a la calificaci\u00f3n. Es fundamental crear criterios que valoren el progreso individual y no solo el resultado est\u00e1ndar.<\/p><p>Mediante el <a title=\"null\" href=\"https:\/\/megaprofe.es\/generador-rubricas-evaluacion-con-ia\/\">Generador de R\u00fabricas de Evaluaci\u00f3n con IA<\/a>, puedes a\u00f1adir criterios espec\u00edficos de actitud o esfuerzo, o ajustar los niveles de logro para que sean alcanzables y motivadores para los alumnos con NEE.<\/p>\t\t\t\t\t\t\t\t<\/div>\n\t\t\t\t<\/div>\n\t\t\t\t<div class=\"elementor-element elementor-element-474a6f5 elementor-widget elementor-widget-video\" data-id=\"474a6f5\" data-element_type=\"widget\" data-e-type=\"widget\" data-settings=\"{&quot;youtube_url&quot;:&quot;https:\\\/\\\/youtu.be\\\/ommqhEn3I1g&quot;,&quot;video_type&quot;:&quot;youtube&quot;,&quot;controls&quot;:&quot;yes&quot;}\" data-widget_type=\"video.default\">\n\t\t\t\t<div class=\"elementor-widget-container\">\n\t\t\t\t\t\t\t<div class=\"elementor-wrapper elementor-open-inline\">\n\t\t\t<div class=\"elementor-video\"><\/div>\t\t<\/div>\n\t\t\t\t\t\t<\/div>\n\t\t\t\t<\/div>\n\t\t\t\t\t<\/div>\n\t\t<\/div>\n\t\t\t\t\t<\/div>\n\t\t<\/section>\n\t\t\t\t<section class=\"elementor-section elementor-top-section elementor-element elementor-element-43c39eb elementor-section-boxed elementor-section-height-default elementor-section-height-default e-parent\" data-id=\"43c39eb\" data-element_type=\"section\" data-e-type=\"section\" data-settings=\"{&quot;_ha_eqh_enable&quot;:false}\">\n\t\t\t\t\t\t<div class=\"elementor-container elementor-column-gap-default\">\n\t\t\t\t\t<div class=\"elementor-column elementor-col-100 elementor-top-column elementor-element elementor-element-d2b662d lakit-col-width-auto-no\" data-id=\"d2b662d\" data-element_type=\"column\" data-e-type=\"column\">\n\t\t\t<div class=\"elementor-widget-wrap elementor-element-populated\">\n\t\t\t\t\t\t<div class=\"elementor-element elementor-element-1f93231 elementor-widget elementor-widget-heading\" data-id=\"1f93231\" data-element_type=\"widget\" data-e-type=\"widget\" data-widget_type=\"heading.default\">\n\t\t\t\t<div class=\"elementor-widget-container\">\n\t\t\t\t\t<h2 class=\"elementor-heading-title elementor-size-default\">La tecnolog\u00eda como derecho, no como privilegio<\/h2>\t\t\t\t<\/div>\n\t\t\t\t<\/div>\n\t\t\t\t\t<\/div>\n\t\t<\/div>\n\t\t\t\t\t<\/div>\n\t\t<\/section>\n\t\t\t\t<section class=\"elementor-section elementor-top-section elementor-element elementor-element-c171b61 elementor-section-boxed elementor-section-height-default elementor-section-height-default e-parent\" data-id=\"c171b61\" data-element_type=\"section\" data-e-type=\"section\" data-settings=\"{&quot;_ha_eqh_enable&quot;:false}\">\n\t\t\t\t\t\t<div class=\"elementor-container elementor-column-gap-default\">\n\t\t\t\t\t<div class=\"elementor-column elementor-col-100 elementor-top-column elementor-element elementor-element-437cceb lakit-col-width-auto-no\" data-id=\"437cceb\" data-element_type=\"column\" data-e-type=\"column\">\n\t\t\t<div class=\"elementor-widget-wrap elementor-element-populated\">\n\t\t\t\t\t\t<div class=\"elementor-element elementor-element-7b036ff elementor-widget elementor-widget-text-editor\" data-id=\"7b036ff\" data-element_type=\"widget\" data-e-type=\"widget\" data-widget_type=\"text-editor.default\">\n\t\t\t\t<div class=\"elementor-widget-container\">\n\t\t\t\t\t\t\t\t\t<p data-pm-slice=\"1 1 []\">La <strong>ia educativa<\/strong> para la inclusi\u00f3n no es solo una cuesti\u00f3n de eficiencia; es una cuesti\u00f3n de justicia social. Al facilitar la <strong>adaptaci\u00f3n de materiales<\/strong>, estamos asegurando que el derecho a la educaci\u00f3n sea una realidad para todos, independientemente de sus capacidades de partida.<\/p><p>En <a href=\"https:\/\/megaprofe.es\"><strong>Megaprofe<\/strong><\/a>, seguimos desarrollando herramientas para que la <strong>ia para maestros<\/strong> sea el motor de una escuela donde nadie se quede atr\u00e1s. El futuro de la educaci\u00f3n ser\u00e1 inclusivo, o no ser\u00e1.<\/p><p><strong>\u00bfQu\u00e9 tipo de adaptaci\u00f3n te resulta m\u00e1s dif\u00edcil de realizar manualmente en tu d\u00eda a d\u00eda? \u00a1Cu\u00e9ntanoslo en los comentarios!<\/strong><\/p>\t\t\t\t\t\t\t\t<\/div>\n\t\t\t\t<\/div>\n\t\t\t\t\t<\/div>\n\t\t<\/div>\n\t\t\t\t\t<\/div>\n\t\t<\/section>\n\t\t\t\t<\/div>\n\t\t","protected":false},"excerpt":{"rendered":"<p>Descubre c\u00f3mo la IA educativa facilita la inclusi\u00f3n y la adaptaci\u00f3n de materiales para alumnos con NEE.<\/p>","protected":false},"author":159871,"featured_media":17617,"comment_status":"closed","ping_status":"open","sticky":false,"template":"","format":"standard","meta":{"footnotes":""},"categories":[176],"tags":[],"class_list":["post-17612","post","type-post","status-publish","format-standard","has-post-thumbnail","hentry","category-blog"],"yoast_head":"<!-- This site is optimized with the Yoast SEO plugin v27.3 - https:\/\/yoast.com\/product\/yoast-seo-wordpress\/ -->\n<title>IA Educativa para la Inclusi\u00f3n y Adaptaci\u00f3n NEE - Megaprofe<\/title>\n<meta name=\"description\" content=\"Descubre c\u00f3mo la IA educativa facilita la inclusi\u00f3n y la adaptaci\u00f3n de materiales para alumnos con NEE. \u00a1Empieza ahora!\" \/>\n<meta name=\"robots\" content=\"index, follow, max-snippet:-1, max-image-preview:large, max-video-preview:-1\" \/>\n<link rel=\"canonical\" href=\"https:\/\/megaprofe.es\/ca\/ia-educativa-inclusion-nee\/\" \/>\n<meta property=\"og:locale\" content=\"ca_ES\" \/>\n<meta property=\"og:type\" content=\"article\" \/>\n<meta property=\"og:title\" content=\"IA Educativa para la Inclusi\u00f3n y Adaptaci\u00f3n NEE - Megaprofe\" \/>\n<meta property=\"og:description\" content=\"Descubre c\u00f3mo la IA educativa facilita la inclusi\u00f3n y la adaptaci\u00f3n de materiales para alumnos con NEE. \u00a1Empieza ahora!\" \/>\n<meta property=\"og:url\" content=\"https:\/\/megaprofe.es\/ca\/ia-educativa-inclusion-nee\/\" \/>\n<meta property=\"og:site_name\" content=\"Megaprofe\" \/>\n<meta property=\"article:published_time\" content=\"2026-01-28T10:50:16+00:00\" \/>\n<meta property=\"article:modified_time\" content=\"2026-01-28T10:56:27+00:00\" \/>\n<meta property=\"og:image\" content=\"https:\/\/megaprofe.es\/wp-content\/uploads\/2026\/01\/ia-educativa-inclusion-nee-blog-Megaprofe.jpg\" \/>\n\t<meta property=\"og:image:width\" content=\"1536\" \/>\n\t<meta property=\"og:image:height\" content=\"1024\" \/>\n\t<meta property=\"og:image:type\" content=\"image\/jpeg\" \/>\n<meta name=\"author\" content=\"Joel\" \/>\n<meta name=\"twitter:card\" content=\"summary_large_image\" \/>\n<meta name=\"twitter:label1\" content=\"Escrit per\" \/>\n\t<meta name=\"twitter:data1\" content=\"Joel\" \/>\n\t<meta name=\"twitter:label2\" content=\"Temps estimat de lectura\" \/>\n\t<meta name=\"twitter:data2\" content=\"4 minuts\" \/>\n<script type=\"application\/ld+json\" class=\"yoast-schema-graph\">{\"@context\":\"https:\\\/\\\/schema.org\",\"@graph\":[{\"@type\":\"Article\",\"@id\":\"https:\\\/\\\/megaprofe.es\\\/ia-educativa-inclusion-nee\\\/#article\",\"isPartOf\":{\"@id\":\"https:\\\/\\\/megaprofe.es\\\/ia-educativa-inclusion-nee\\\/\"},\"author\":{\"name\":\"Joel\",\"@id\":\"https:\\\/\\\/megaprofe.es\\\/#\\\/schema\\\/person\\\/54d73379a3ab9065d394aba4a3f383c2\"},\"headline\":\"IA Educativa para la Inclusi\u00f3n y Adaptaci\u00f3n NEE\",\"datePublished\":\"2026-01-28T10:50:16+00:00\",\"dateModified\":\"2026-01-28T10:56:27+00:00\",\"mainEntityOfPage\":{\"@id\":\"https:\\\/\\\/megaprofe.es\\\/ia-educativa-inclusion-nee\\\/\"},\"wordCount\":764,\"publisher\":{\"@id\":\"https:\\\/\\\/megaprofe.es\\\/#organization\"},\"image\":{\"@id\":\"https:\\\/\\\/megaprofe.es\\\/ia-educativa-inclusion-nee\\\/#primaryimage\"},\"thumbnailUrl\":\"https:\\\/\\\/megaprofe.es\\\/wp-content\\\/uploads\\\/2026\\\/01\\\/ia-educativa-inclusion-nee-blog-Megaprofe.jpg\",\"articleSection\":[\"Blog\"],\"inLanguage\":\"ca\"},{\"@type\":\"WebPage\",\"@id\":\"https:\\\/\\\/megaprofe.es\\\/ia-educativa-inclusion-nee\\\/\",\"url\":\"https:\\\/\\\/megaprofe.es\\\/ia-educativa-inclusion-nee\\\/\",\"name\":\"IA Educativa para la Inclusi\u00f3n y Adaptaci\u00f3n NEE - Megaprofe\",\"isPartOf\":{\"@id\":\"https:\\\/\\\/megaprofe.es\\\/#website\"},\"primaryImageOfPage\":{\"@id\":\"https:\\\/\\\/megaprofe.es\\\/ia-educativa-inclusion-nee\\\/#primaryimage\"},\"image\":{\"@id\":\"https:\\\/\\\/megaprofe.es\\\/ia-educativa-inclusion-nee\\\/#primaryimage\"},\"thumbnailUrl\":\"https:\\\/\\\/megaprofe.es\\\/wp-content\\\/uploads\\\/2026\\\/01\\\/ia-educativa-inclusion-nee-blog-Megaprofe.jpg\",\"datePublished\":\"2026-01-28T10:50:16+00:00\",\"dateModified\":\"2026-01-28T10:56:27+00:00\",\"description\":\"Descubre c\u00f3mo la IA educativa facilita la inclusi\u00f3n y la adaptaci\u00f3n de materiales para alumnos con NEE. \u00a1Empieza ahora!\",\"breadcrumb\":{\"@id\":\"https:\\\/\\\/megaprofe.es\\\/ia-educativa-inclusion-nee\\\/#breadcrumb\"},\"inLanguage\":\"ca\",\"potentialAction\":[{\"@type\":\"ReadAction\",\"target\":[\"https:\\\/\\\/megaprofe.es\\\/ia-educativa-inclusion-nee\\\/\"]}]},{\"@type\":\"ImageObject\",\"inLanguage\":\"ca\",\"@id\":\"https:\\\/\\\/megaprofe.es\\\/ia-educativa-inclusion-nee\\\/#primaryimage\",\"url\":\"https:\\\/\\\/megaprofe.es\\\/wp-content\\\/uploads\\\/2026\\\/01\\\/ia-educativa-inclusion-nee-blog-Megaprofe.jpg\",\"contentUrl\":\"https:\\\/\\\/megaprofe.es\\\/wp-content\\\/uploads\\\/2026\\\/01\\\/ia-educativa-inclusion-nee-blog-Megaprofe.jpg\",\"width\":1536,\"height\":1024,\"caption\":\"IA Educativa para la Inclusi\u00f3n y Adaptaci\u00f3n NEE\"},{\"@type\":\"BreadcrumbList\",\"@id\":\"https:\\\/\\\/megaprofe.es\\\/ia-educativa-inclusion-nee\\\/#breadcrumb\",\"itemListElement\":[{\"@type\":\"ListItem\",\"position\":1,\"name\":\"Portada\",\"item\":\"https:\\\/\\\/megaprofe.es\\\/\"},{\"@type\":\"ListItem\",\"position\":2,\"name\":\"IA Educativa para la Inclusi\u00f3n y Adaptaci\u00f3n NEE\"}]},{\"@type\":\"WebSite\",\"@id\":\"https:\\\/\\\/megaprofe.es\\\/#website\",\"url\":\"https:\\\/\\\/megaprofe.es\\\/\",\"name\":\"Megaprofe\",\"description\":\"Inteligencia Artificial para Profesores y Escuelas\",\"publisher\":{\"@id\":\"https:\\\/\\\/megaprofe.es\\\/#organization\"},\"potentialAction\":[{\"@type\":\"SearchAction\",\"target\":{\"@type\":\"EntryPoint\",\"urlTemplate\":\"https:\\\/\\\/megaprofe.es\\\/?s={search_term_string}\"},\"query-input\":{\"@type\":\"PropertyValueSpecification\",\"valueRequired\":true,\"valueName\":\"search_term_string\"}}],\"inLanguage\":\"ca\"},{\"@type\":\"Organization\",\"@id\":\"https:\\\/\\\/megaprofe.es\\\/#organization\",\"name\":\"Megaprofe\",\"url\":\"https:\\\/\\\/megaprofe.es\\\/\",\"logo\":{\"@type\":\"ImageObject\",\"inLanguage\":\"ca\",\"@id\":\"https:\\\/\\\/megaprofe.es\\\/#\\\/schema\\\/logo\\\/image\\\/\",\"url\":\"https:\\\/\\\/megaprofe.es\\\/wp-content\\\/uploads\\\/2023\\\/06\\\/cropped-icon.png\",\"contentUrl\":\"https:\\\/\\\/megaprofe.es\\\/wp-content\\\/uploads\\\/2023\\\/06\\\/cropped-icon.png\",\"width\":572,\"height\":572,\"caption\":\"Megaprofe\"},\"image\":{\"@id\":\"https:\\\/\\\/megaprofe.es\\\/#\\\/schema\\\/logo\\\/image\\\/\"}},{\"@type\":\"Person\",\"@id\":\"https:\\\/\\\/megaprofe.es\\\/#\\\/schema\\\/person\\\/54d73379a3ab9065d394aba4a3f383c2\",\"name\":\"Joel\",\"image\":{\"@type\":\"ImageObject\",\"inLanguage\":\"ca\",\"@id\":\"https:\\\/\\\/secure.gravatar.com\\\/avatar\\\/92c0c5e0e8f7feadc229f6d65ac2fb4d8fc1cae89f696443e13f4d2396c1460b?s=96&d=mm&r=g\",\"url\":\"https:\\\/\\\/secure.gravatar.com\\\/avatar\\\/92c0c5e0e8f7feadc229f6d65ac2fb4d8fc1cae89f696443e13f4d2396c1460b?s=96&d=mm&r=g\",\"contentUrl\":\"https:\\\/\\\/secure.gravatar.com\\\/avatar\\\/92c0c5e0e8f7feadc229f6d65ac2fb4d8fc1cae89f696443e13f4d2396c1460b?s=96&d=mm&r=g\",\"caption\":\"Joel\"},\"url\":\"https:\\\/\\\/megaprofe.es\\\/ca\\\/author\\\/joel-artigasmegaprofe-com\\\/\"}]}<\/script>\n<!-- \/ Yoast SEO plugin. -->","yoast_head_json":{"title":"IA Educativa para la Inclusi\u00f3n y Adaptaci\u00f3n NEE - Megaprofe","description":"Descubre c\u00f3mo la IA educativa facilita la inclusi\u00f3n y la adaptaci\u00f3n de materiales para alumnos con NEE. \u00a1Empieza ahora!","robots":{"index":"index","follow":"follow","max-snippet":"max-snippet:-1","max-image-preview":"max-image-preview:large","max-video-preview":"max-video-preview:-1"},"canonical":"https:\/\/megaprofe.es\/ca\/ia-educativa-inclusion-nee\/","og_locale":"ca_ES","og_type":"article","og_title":"IA Educativa para la Inclusi\u00f3n y Adaptaci\u00f3n NEE - Megaprofe","og_description":"Descubre c\u00f3mo la IA educativa facilita la inclusi\u00f3n y la adaptaci\u00f3n de materiales para alumnos con NEE. \u00a1Empieza ahora!","og_url":"https:\/\/megaprofe.es\/ca\/ia-educativa-inclusion-nee\/","og_site_name":"Megaprofe","article_published_time":"2026-01-28T10:50:16+00:00","article_modified_time":"2026-01-28T10:56:27+00:00","og_image":[{"width":1536,"height":1024,"url":"https:\/\/megaprofe.es\/wp-content\/uploads\/2026\/01\/ia-educativa-inclusion-nee-blog-Megaprofe.jpg","type":"image\/jpeg"}],"author":"Joel","twitter_card":"summary_large_image","twitter_misc":{"Escrit per":"Joel","Temps estimat de lectura":"4 minuts"},"schema":{"@context":"https:\/\/schema.org","@graph":[{"@type":"Article","@id":"https:\/\/megaprofe.es\/ia-educativa-inclusion-nee\/#article","isPartOf":{"@id":"https:\/\/megaprofe.es\/ia-educativa-inclusion-nee\/"},"author":{"name":"Joel","@id":"https:\/\/megaprofe.es\/#\/schema\/person\/54d73379a3ab9065d394aba4a3f383c2"},"headline":"IA Educativa para la Inclusi\u00f3n y Adaptaci\u00f3n NEE","datePublished":"2026-01-28T10:50:16+00:00","dateModified":"2026-01-28T10:56:27+00:00","mainEntityOfPage":{"@id":"https:\/\/megaprofe.es\/ia-educativa-inclusion-nee\/"},"wordCount":764,"publisher":{"@id":"https:\/\/megaprofe.es\/#organization"},"image":{"@id":"https:\/\/megaprofe.es\/ia-educativa-inclusion-nee\/#primaryimage"},"thumbnailUrl":"https:\/\/megaprofe.es\/wp-content\/uploads\/2026\/01\/ia-educativa-inclusion-nee-blog-Megaprofe.jpg","articleSection":["Blog"],"inLanguage":"ca"},{"@type":"WebPage","@id":"https:\/\/megaprofe.es\/ia-educativa-inclusion-nee\/","url":"https:\/\/megaprofe.es\/ia-educativa-inclusion-nee\/","name":"IA Educativa para la Inclusi\u00f3n y Adaptaci\u00f3n NEE - Megaprofe","isPartOf":{"@id":"https:\/\/megaprofe.es\/#website"},"primaryImageOfPage":{"@id":"https:\/\/megaprofe.es\/ia-educativa-inclusion-nee\/#primaryimage"},"image":{"@id":"https:\/\/megaprofe.es\/ia-educativa-inclusion-nee\/#primaryimage"},"thumbnailUrl":"https:\/\/megaprofe.es\/wp-content\/uploads\/2026\/01\/ia-educativa-inclusion-nee-blog-Megaprofe.jpg","datePublished":"2026-01-28T10:50:16+00:00","dateModified":"2026-01-28T10:56:27+00:00","description":"Descubre c\u00f3mo la IA educativa facilita la inclusi\u00f3n y la adaptaci\u00f3n de materiales para alumnos con NEE. \u00a1Empieza ahora!","breadcrumb":{"@id":"https:\/\/megaprofe.es\/ia-educativa-inclusion-nee\/#breadcrumb"},"inLanguage":"ca","potentialAction":[{"@type":"ReadAction","target":["https:\/\/megaprofe.es\/ia-educativa-inclusion-nee\/"]}]},{"@type":"ImageObject","inLanguage":"ca","@id":"https:\/\/megaprofe.es\/ia-educativa-inclusion-nee\/#primaryimage","url":"https:\/\/megaprofe.es\/wp-content\/uploads\/2026\/01\/ia-educativa-inclusion-nee-blog-Megaprofe.jpg","contentUrl":"https:\/\/megaprofe.es\/wp-content\/uploads\/2026\/01\/ia-educativa-inclusion-nee-blog-Megaprofe.jpg","width":1536,"height":1024,"caption":"IA Educativa para la Inclusi\u00f3n y Adaptaci\u00f3n NEE"},{"@type":"BreadcrumbList","@id":"https:\/\/megaprofe.es\/ia-educativa-inclusion-nee\/#breadcrumb","itemListElement":[{"@type":"ListItem","position":1,"name":"Portada","item":"https:\/\/megaprofe.es\/"},{"@type":"ListItem","position":2,"name":"IA Educativa para la Inclusi\u00f3n y Adaptaci\u00f3n NEE"}]},{"@type":"WebSite","@id":"https:\/\/megaprofe.es\/#website","url":"https:\/\/megaprofe.es\/","name":"Megaprofe","description":"Intel\u00b7lig\u00e8ncia Artificial per Professors i Escoles","publisher":{"@id":"https:\/\/megaprofe.es\/#organization"},"potentialAction":[{"@type":"SearchAction","target":{"@type":"EntryPoint","urlTemplate":"https:\/\/megaprofe.es\/?s={search_term_string}"},"query-input":{"@type":"PropertyValueSpecification","valueRequired":true,"valueName":"search_term_string"}}],"inLanguage":"ca"},{"@type":"Organization","@id":"https:\/\/megaprofe.es\/#organization","name":"Megaprofe","url":"https:\/\/megaprofe.es\/","logo":{"@type":"ImageObject","inLanguage":"ca","@id":"https:\/\/megaprofe.es\/#\/schema\/logo\/image\/","url":"https:\/\/megaprofe.es\/wp-content\/uploads\/2023\/06\/cropped-icon.png","contentUrl":"https:\/\/megaprofe.es\/wp-content\/uploads\/2023\/06\/cropped-icon.png","width":572,"height":572,"caption":"Megaprofe"},"image":{"@id":"https:\/\/megaprofe.es\/#\/schema\/logo\/image\/"}},{"@type":"Person","@id":"https:\/\/megaprofe.es\/#\/schema\/person\/54d73379a3ab9065d394aba4a3f383c2","name":"Joel","image":{"@type":"ImageObject","inLanguage":"ca","@id":"https:\/\/secure.gravatar.com\/avatar\/92c0c5e0e8f7feadc229f6d65ac2fb4d8fc1cae89f696443e13f4d2396c1460b?s=96&d=mm&r=g","url":"https:\/\/secure.gravatar.com\/avatar\/92c0c5e0e8f7feadc229f6d65ac2fb4d8fc1cae89f696443e13f4d2396c1460b?s=96&d=mm&r=g","contentUrl":"https:\/\/secure.gravatar.com\/avatar\/92c0c5e0e8f7feadc229f6d65ac2fb4d8fc1cae89f696443e13f4d2396c1460b?s=96&d=mm&r=g","caption":"Joel"},"url":"https:\/\/megaprofe.es\/ca\/author\/joel-artigasmegaprofe-com\/"}]}},"_links":{"self":[{"href":"https:\/\/megaprofe.es\/ca\/wp-json\/wp\/v2\/posts\/17612","targetHints":{"allow":["GET"]}}],"collection":[{"href":"https:\/\/megaprofe.es\/ca\/wp-json\/wp\/v2\/posts"}],"about":[{"href":"https:\/\/megaprofe.es\/ca\/wp-json\/wp\/v2\/types\/post"}],"author":[{"embeddable":true,"href":"https:\/\/megaprofe.es\/ca\/wp-json\/wp\/v2\/users\/159871"}],"replies":[{"embeddable":true,"href":"https:\/\/megaprofe.es\/ca\/wp-json\/wp\/v2\/comments?post=17612"}],"version-history":[{"count":4,"href":"https:\/\/megaprofe.es\/ca\/wp-json\/wp\/v2\/posts\/17612\/revisions"}],"predecessor-version":[{"id":17616,"href":"https:\/\/megaprofe.es\/ca\/wp-json\/wp\/v2\/posts\/17612\/revisions\/17616"}],"wp:featuredmedia":[{"embeddable":true,"href":"https:\/\/megaprofe.es\/ca\/wp-json\/wp\/v2\/media\/17617"}],"wp:attachment":[{"href":"https:\/\/megaprofe.es\/ca\/wp-json\/wp\/v2\/media?parent=17612"}],"wp:term":[{"taxonomy":"category","embeddable":true,"href":"https:\/\/megaprofe.es\/ca\/wp-json\/wp\/v2\/categories?post=17612"},{"taxonomy":"post_tag","embeddable":true,"href":"https:\/\/megaprofe.es\/ca\/wp-json\/wp\/v2\/tags?post=17612"}],"curies":[{"name":"wp","href":"https:\/\/api.w.org\/{rel}","templated":true}]}}